{"id":9832,"count":1,"description":"","link":"https:\/\/senoticias.com.br\/se\/tags\/operacao-luz-na-infancia\/","name":"Opera\u00e7\u00e3o Luz na Inf\u00e2ncia","slug":"operacao-luz-na-infancia","taxonomy":"post_tag","meta":[],"_links":{"self":[{"href":"https:\/\/senoticias.com.br\/se\/wp-json\/wp\/v2\/tags\/9832"}],"collection":[{"href":"https:\/\/senoticias.com.br\/se\/wp-json\/wp\/v2\/tags"}],"about":[{"href":"https:\/\/senoticias.com.br\/se\/wp-json\/wp\/v2\/taxonomies\/post_tag"}],"wp:post_type":[{"href":"https:\/\/senoticias.com.br\/se\/wp-json\/wp\/v2\/posts?tags=9832"}],"curies":[{"name":"wp","href":"https:\/\/api.w.org\/{rel}","templated":true}]}}