{"id":9492,"count":1,"description":"","link":"https:\/\/senoticias.com.br\/se\/tags\/policia-divulga-fotos-do-veiculo-usado-na-morte-do-capitao-oliveira\/","name":"Pol\u00edcia divulga fotos do ve\u00edculo usado na morte do capit\u00e3o Oliveira","slug":"policia-divulga-fotos-do-veiculo-usado-na-morte-do-capitao-oliveira","taxonomy":"post_tag","meta":[],"_links":{"self":[{"href":"https:\/\/senoticias.com.br\/se\/wp-json\/wp\/v2\/tags\/9492"}],"collection":[{"href":"https:\/\/senoticias.com.br\/se\/wp-json\/wp\/v2\/tags"}],"about":[{"href":"https:\/\/senoticias.com.br\/se\/wp-json\/wp\/v2\/taxonomies\/post_tag"}],"wp:post_type":[{"href":"https:\/\/senoticias.com.br\/se\/wp-json\/wp\/v2\/posts?tags=9492"}],"curies":[{"name":"wp","href":"https:\/\/api.w.org\/{rel}","templated":true}]}}