{"id":9479,"count":1,"description":"","link":"https:\/\/senoticias.com.br\/se\/tags\/reajuste-medio-da-energia-eletrica-em-sergipe-sera-de-11\/","name":"Reajuste m\u00e9dio da energia el\u00e9trica em Sergipe ser\u00e1 de 11","slug":"reajuste-medio-da-energia-eletrica-em-sergipe-sera-de-11","taxonomy":"post_tag","meta":[],"_links":{"self":[{"href":"https:\/\/senoticias.com.br\/se\/wp-json\/wp\/v2\/tags\/9479"}],"collection":[{"href":"https:\/\/senoticias.com.br\/se\/wp-json\/wp\/v2\/tags"}],"about":[{"href":"https:\/\/senoticias.com.br\/se\/wp-json\/wp\/v2\/taxonomies\/post_tag"}],"wp:post_type":[{"href":"https:\/\/senoticias.com.br\/se\/wp-json\/wp\/v2\/posts?tags=9479"}],"curies":[{"name":"wp","href":"https:\/\/api.w.org\/{rel}","templated":true}]}}