{"id":9292,"count":1,"description":"","link":"https:\/\/senoticias.com.br\/se\/tags\/instalacao-do-consorcio-do-transporte-publico-da-grande-aracaju-e-adiada\/","name":"Instala\u00e7\u00e3o do cons\u00f3rcio do transporte p\u00fablico da Grande Aracaju \u00e9 adiada","slug":"instalacao-do-consorcio-do-transporte-publico-da-grande-aracaju-e-adiada","taxonomy":"post_tag","meta":[],"_links":{"self":[{"href":"https:\/\/senoticias.com.br\/se\/wp-json\/wp\/v2\/tags\/9292"}],"collection":[{"href":"https:\/\/senoticias.com.br\/se\/wp-json\/wp\/v2\/tags"}],"about":[{"href":"https:\/\/senoticias.com.br\/se\/wp-json\/wp\/v2\/taxonomies\/post_tag"}],"wp:post_type":[{"href":"https:\/\/senoticias.com.br\/se\/wp-json\/wp\/v2\/posts?tags=9292"}],"curies":[{"name":"wp","href":"https:\/\/api.w.org\/{rel}","templated":true}]}}