{"id":9248,"count":1,"description":"","link":"https:\/\/senoticias.com.br\/se\/tags\/investigados-na-operacao-skala-sao-soltos-apos-decisao-de-barroso\/","name":"Investigados na Opera\u00e7\u00e3o Skala s\u00e3o soltos ap\u00f3s decis\u00e3o de Barroso","slug":"investigados-na-operacao-skala-sao-soltos-apos-decisao-de-barroso","taxonomy":"post_tag","meta":[],"_links":{"self":[{"href":"https:\/\/senoticias.com.br\/se\/wp-json\/wp\/v2\/tags\/9248"}],"collection":[{"href":"https:\/\/senoticias.com.br\/se\/wp-json\/wp\/v2\/tags"}],"about":[{"href":"https:\/\/senoticias.com.br\/se\/wp-json\/wp\/v2\/taxonomies\/post_tag"}],"wp:post_type":[{"href":"https:\/\/senoticias.com.br\/se\/wp-json\/wp\/v2\/posts?tags=9248"}],"curies":[{"name":"wp","href":"https:\/\/api.w.org\/{rel}","templated":true}]}}