{"id":8841,"count":1,"description":"","link":"https:\/\/senoticias.com.br\/se\/tags\/secretaria-do-meio-ambiente-e-agrese-articulam-parceria-para-questoes-ligadas-aos-residuos-solidos\/","name":"Secretaria do Meio Ambiente e Agrese articulam parceria para quest\u00f5es ligadas aos res\u00edduos s\u00f3lidos","slug":"secretaria-do-meio-ambiente-e-agrese-articulam-parceria-para-questoes-ligadas-aos-residuos-solidos","taxonomy":"post_tag","meta":[],"_links":{"self":[{"href":"https:\/\/senoticias.com.br\/se\/wp-json\/wp\/v2\/tags\/8841"}],"collection":[{"href":"https:\/\/senoticias.com.br\/se\/wp-json\/wp\/v2\/tags"}],"about":[{"href":"https:\/\/senoticias.com.br\/se\/wp-json\/wp\/v2\/taxonomies\/post_tag"}],"wp:post_type":[{"href":"https:\/\/senoticias.com.br\/se\/wp-json\/wp\/v2\/posts?tags=8841"}],"curies":[{"name":"wp","href":"https:\/\/api.w.org\/{rel}","templated":true}]}}