{"id":8737,"count":1,"description":"","link":"https:\/\/senoticias.com.br\/se\/tags\/exposicao-destaca-sensibilidade-fotografica-de-jovens-sergipanos\/","name":"Exposi\u00e7\u00e3o destaca sensibilidade fotogr\u00e1fica de jovens sergipanos","slug":"exposicao-destaca-sensibilidade-fotografica-de-jovens-sergipanos","taxonomy":"post_tag","meta":[],"_links":{"self":[{"href":"https:\/\/senoticias.com.br\/se\/wp-json\/wp\/v2\/tags\/8737"}],"collection":[{"href":"https:\/\/senoticias.com.br\/se\/wp-json\/wp\/v2\/tags"}],"about":[{"href":"https:\/\/senoticias.com.br\/se\/wp-json\/wp\/v2\/taxonomies\/post_tag"}],"wp:post_type":[{"href":"https:\/\/senoticias.com.br\/se\/wp-json\/wp\/v2\/posts?tags=8737"}],"curies":[{"name":"wp","href":"https:\/\/api.w.org\/{rel}","templated":true}]}}