{"id":8677,"count":1,"description":"","link":"https:\/\/senoticias.com.br\/se\/tags\/periodo-de-proibicao-da-captura-do-caranguejo-uca-comeca-nesta-sexta-feira-em-sergipe\/","name":"Per\u00edodo de proibi\u00e7\u00e3o da captura do caranguejo-u\u00e7\u00e1 come\u00e7a nesta sexta-feira em Sergipe","slug":"periodo-de-proibicao-da-captura-do-caranguejo-uca-comeca-nesta-sexta-feira-em-sergipe","taxonomy":"post_tag","meta":[],"_links":{"self":[{"href":"https:\/\/senoticias.com.br\/se\/wp-json\/wp\/v2\/tags\/8677"}],"collection":[{"href":"https:\/\/senoticias.com.br\/se\/wp-json\/wp\/v2\/tags"}],"about":[{"href":"https:\/\/senoticias.com.br\/se\/wp-json\/wp\/v2\/taxonomies\/post_tag"}],"wp:post_type":[{"href":"https:\/\/senoticias.com.br\/se\/wp-json\/wp\/v2\/posts?tags=8677"}],"curies":[{"name":"wp","href":"https:\/\/api.w.org\/{rel}","templated":true}]}}