{"id":8656,"count":1,"description":"","link":"https:\/\/senoticias.com.br\/se\/tags\/almeida-convida-sindicatos-da-saude-e-garante-que-servidores-da-fhs-nao-serao-demitidos\/","name":"Almeida convida sindicatos da sa\u00fade e garante que servidores da FHS n\u00e3o ser\u00e3o demitidos","slug":"almeida-convida-sindicatos-da-saude-e-garante-que-servidores-da-fhs-nao-serao-demitidos","taxonomy":"post_tag","meta":[],"_links":{"self":[{"href":"https:\/\/senoticias.com.br\/se\/wp-json\/wp\/v2\/tags\/8656"}],"collection":[{"href":"https:\/\/senoticias.com.br\/se\/wp-json\/wp\/v2\/tags"}],"about":[{"href":"https:\/\/senoticias.com.br\/se\/wp-json\/wp\/v2\/taxonomies\/post_tag"}],"wp:post_type":[{"href":"https:\/\/senoticias.com.br\/se\/wp-json\/wp\/v2\/posts?tags=8656"}],"curies":[{"name":"wp","href":"https:\/\/api.w.org\/{rel}","templated":true}]}}