{"id":8655,"count":1,"description":"","link":"https:\/\/senoticias.com.br\/se\/tags\/estado-e-fida-planejam-investir-r-25-milhoes-em-acoes-produtivas-para-comunidades-pobres-em-2018\/","name":"Estado e FIDA planejam investir R$ 25 milh\u00f5es em a\u00e7\u00f5es produtivas para comunidades pobres em 2018","slug":"estado-e-fida-planejam-investir-r-25-milhoes-em-acoes-produtivas-para-comunidades-pobres-em-2018","taxonomy":"post_tag","meta":[],"_links":{"self":[{"href":"https:\/\/senoticias.com.br\/se\/wp-json\/wp\/v2\/tags\/8655"}],"collection":[{"href":"https:\/\/senoticias.com.br\/se\/wp-json\/wp\/v2\/tags"}],"about":[{"href":"https:\/\/senoticias.com.br\/se\/wp-json\/wp\/v2\/taxonomies\/post_tag"}],"wp:post_type":[{"href":"https:\/\/senoticias.com.br\/se\/wp-json\/wp\/v2\/posts?tags=8655"}],"curies":[{"name":"wp","href":"https:\/\/api.w.org\/{rel}","templated":true}]}}