{"id":8650,"count":1,"description":"","link":"https:\/\/senoticias.com.br\/se\/tags\/travesti-e-preso-suspeito-de-aliciar-menores-em-sao-cristovao\/","name":"Travesti \u00e9 preso suspeito de aliciar menores em S\u00e3o Crist\u00f3v\u00e3o","slug":"travesti-e-preso-suspeito-de-aliciar-menores-em-sao-cristovao","taxonomy":"post_tag","meta":[],"_links":{"self":[{"href":"https:\/\/senoticias.com.br\/se\/wp-json\/wp\/v2\/tags\/8650"}],"collection":[{"href":"https:\/\/senoticias.com.br\/se\/wp-json\/wp\/v2\/tags"}],"about":[{"href":"https:\/\/senoticias.com.br\/se\/wp-json\/wp\/v2\/taxonomies\/post_tag"}],"wp:post_type":[{"href":"https:\/\/senoticias.com.br\/se\/wp-json\/wp\/v2\/posts?tags=8650"}],"curies":[{"name":"wp","href":"https:\/\/api.w.org\/{rel}","templated":true}]}}