{"id":8609,"count":1,"description":"","link":"https:\/\/senoticias.com.br\/se\/tags\/prouni-abre-inscricoes-nesta-terca-feira\/","name":"ProUni abre inscri\u00e7\u00f5es nesta ter\u00e7a-feira","slug":"prouni-abre-inscricoes-nesta-terca-feira","taxonomy":"post_tag","meta":[],"_links":{"self":[{"href":"https:\/\/senoticias.com.br\/se\/wp-json\/wp\/v2\/tags\/8609"}],"collection":[{"href":"https:\/\/senoticias.com.br\/se\/wp-json\/wp\/v2\/tags"}],"about":[{"href":"https:\/\/senoticias.com.br\/se\/wp-json\/wp\/v2\/taxonomies\/post_tag"}],"wp:post_type":[{"href":"https:\/\/senoticias.com.br\/se\/wp-json\/wp\/v2\/posts?tags=8609"}],"curies":[{"name":"wp","href":"https:\/\/api.w.org\/{rel}","templated":true}]}}