{"id":8525,"count":1,"description":"","link":"https:\/\/senoticias.com.br\/se\/tags\/dilema-maquina-de-radioterapia-do-hospital-cirurgia-esta-quebrada-ha-15-dias-e-pacientes-tem-tratamento-interrompido\/","name":"Dilema: m\u00e1quina de radioterapia do Hospital Cirurgia est\u00e1 quebrada h\u00e1 15 dias e pacientes tem tratamento interrompido","slug":"dilema-maquina-de-radioterapia-do-hospital-cirurgia-esta-quebrada-ha-15-dias-e-pacientes-tem-tratamento-interrompido","taxonomy":"post_tag","meta":[],"_links":{"self":[{"href":"https:\/\/senoticias.com.br\/se\/wp-json\/wp\/v2\/tags\/8525"}],"collection":[{"href":"https:\/\/senoticias.com.br\/se\/wp-json\/wp\/v2\/tags"}],"about":[{"href":"https:\/\/senoticias.com.br\/se\/wp-json\/wp\/v2\/taxonomies\/post_tag"}],"wp:post_type":[{"href":"https:\/\/senoticias.com.br\/se\/wp-json\/wp\/v2\/posts?tags=8525"}],"curies":[{"name":"wp","href":"https:\/\/api.w.org\/{rel}","templated":true}]}}