{"id":8515,"count":1,"description":"","link":"https:\/\/senoticias.com.br\/se\/tags\/fundat-leva-servicos-de-aprimoramento-profissional-em-acao-da-assistencia-social\/","name":"Fundat leva servi\u00e7os de aprimoramento profissional em a\u00e7\u00e3o da Assist\u00eancia Social","slug":"fundat-leva-servicos-de-aprimoramento-profissional-em-acao-da-assistencia-social","taxonomy":"post_tag","meta":[],"_links":{"self":[{"href":"https:\/\/senoticias.com.br\/se\/wp-json\/wp\/v2\/tags\/8515"}],"collection":[{"href":"https:\/\/senoticias.com.br\/se\/wp-json\/wp\/v2\/tags"}],"about":[{"href":"https:\/\/senoticias.com.br\/se\/wp-json\/wp\/v2\/taxonomies\/post_tag"}],"wp:post_type":[{"href":"https:\/\/senoticias.com.br\/se\/wp-json\/wp\/v2\/posts?tags=8515"}],"curies":[{"name":"wp","href":"https:\/\/api.w.org\/{rel}","templated":true}]}}