{"id":8514,"count":1,"description":"","link":"https:\/\/senoticias.com.br\/se\/tags\/homem-e-morto-a-tiros-dentro-da-propria-residencia-no-bairro-industrial\/","name":"Homem \u00e9 morto a tiros dentro da pr\u00f3pria resid\u00eancia no bairro Industrial","slug":"homem-e-morto-a-tiros-dentro-da-propria-residencia-no-bairro-industrial","taxonomy":"post_tag","meta":[],"_links":{"self":[{"href":"https:\/\/senoticias.com.br\/se\/wp-json\/wp\/v2\/tags\/8514"}],"collection":[{"href":"https:\/\/senoticias.com.br\/se\/wp-json\/wp\/v2\/tags"}],"about":[{"href":"https:\/\/senoticias.com.br\/se\/wp-json\/wp\/v2\/taxonomies\/post_tag"}],"wp:post_type":[{"href":"https:\/\/senoticias.com.br\/se\/wp-json\/wp\/v2\/posts?tags=8514"}],"curies":[{"name":"wp","href":"https:\/\/api.w.org\/{rel}","templated":true}]}}