{"id":7900,"count":1,"description":"","link":"https:\/\/senoticias.com.br\/se\/tags\/grupo-de-acoes-taticas-do-interior\/","name":"Grupo de A\u00e7\u00f5es T\u00e1ticas do Interior","slug":"grupo-de-acoes-taticas-do-interior","taxonomy":"post_tag","meta":[],"_links":{"self":[{"href":"https:\/\/senoticias.com.br\/se\/wp-json\/wp\/v2\/tags\/7900"}],"collection":[{"href":"https:\/\/senoticias.com.br\/se\/wp-json\/wp\/v2\/tags"}],"about":[{"href":"https:\/\/senoticias.com.br\/se\/wp-json\/wp\/v2\/taxonomies\/post_tag"}],"wp:post_type":[{"href":"https:\/\/senoticias.com.br\/se\/wp-json\/wp\/v2\/posts?tags=7900"}],"curies":[{"name":"wp","href":"https:\/\/api.w.org\/{rel}","templated":true}]}}