{"id":775,"count":1,"description":"","link":"https:\/\/senoticias.com.br\/se\/tags\/cunha-diz-que-voltara-a-frequentar-a-camara-na-proxima-semana\/","name":"Cunha diz que voltar\u00e1 a frequentar a C\u00e2mara na pr\u00f3xima semana","slug":"cunha-diz-que-voltara-a-frequentar-a-camara-na-proxima-semana","taxonomy":"post_tag","meta":[],"_links":{"self":[{"href":"https:\/\/senoticias.com.br\/se\/wp-json\/wp\/v2\/tags\/775"}],"collection":[{"href":"https:\/\/senoticias.com.br\/se\/wp-json\/wp\/v2\/tags"}],"about":[{"href":"https:\/\/senoticias.com.br\/se\/wp-json\/wp\/v2\/taxonomies\/post_tag"}],"wp:post_type":[{"href":"https:\/\/senoticias.com.br\/se\/wp-json\/wp\/v2\/posts?tags=775"}],"curies":[{"name":"wp","href":"https:\/\/api.w.org\/{rel}","templated":true}]}}