{"id":42623,"count":1,"description":"","link":"https:\/\/senoticias.com.br\/se\/tags\/explosoes-na-praca-dos-tres-poderes\/","name":"Explos\u00f5es na Pra\u00e7a dos Tr\u00eas Poderes","slug":"explosoes-na-praca-dos-tres-poderes","taxonomy":"post_tag","meta":[],"_links":{"self":[{"href":"https:\/\/senoticias.com.br\/se\/wp-json\/wp\/v2\/tags\/42623"}],"collection":[{"href":"https:\/\/senoticias.com.br\/se\/wp-json\/wp\/v2\/tags"}],"about":[{"href":"https:\/\/senoticias.com.br\/se\/wp-json\/wp\/v2\/taxonomies\/post_tag"}],"wp:post_type":[{"href":"https:\/\/senoticias.com.br\/se\/wp-json\/wp\/v2\/posts?tags=42623"}],"curies":[{"name":"wp","href":"https:\/\/api.w.org\/{rel}","templated":true}]}}