{"id":39187,"count":1,"description":"","link":"https:\/\/senoticias.com.br\/se\/tags\/dia-mundial-de-conscientizacao-da-violencia-contra-a-pessoa-idosa\/","name":"Dia mundial de conscientiza\u00e7\u00e3o da viol\u00eancia contra a pessoa idosa","slug":"dia-mundial-de-conscientizacao-da-violencia-contra-a-pessoa-idosa","taxonomy":"post_tag","meta":[],"_links":{"self":[{"href":"https:\/\/senoticias.com.br\/se\/wp-json\/wp\/v2\/tags\/39187"}],"collection":[{"href":"https:\/\/senoticias.com.br\/se\/wp-json\/wp\/v2\/tags"}],"about":[{"href":"https:\/\/senoticias.com.br\/se\/wp-json\/wp\/v2\/taxonomies\/post_tag"}],"wp:post_type":[{"href":"https:\/\/senoticias.com.br\/se\/wp-json\/wp\/v2\/posts?tags=39187"}],"curies":[{"name":"wp","href":"https:\/\/api.w.org\/{rel}","templated":true}]}}