{"id":34644,"count":1,"description":"","link":"https:\/\/senoticias.com.br\/se\/tags\/fundo-das-nacoes-unidas-para-a-infancia\/","name":"Fundo das Na\u00e7\u00f5es Unidas para a Inf\u00e2ncia","slug":"fundo-das-nacoes-unidas-para-a-infancia","taxonomy":"post_tag","meta":[],"_links":{"self":[{"href":"https:\/\/senoticias.com.br\/se\/wp-json\/wp\/v2\/tags\/34644"}],"collection":[{"href":"https:\/\/senoticias.com.br\/se\/wp-json\/wp\/v2\/tags"}],"about":[{"href":"https:\/\/senoticias.com.br\/se\/wp-json\/wp\/v2\/taxonomies\/post_tag"}],"wp:post_type":[{"href":"https:\/\/senoticias.com.br\/se\/wp-json\/wp\/v2\/posts?tags=34644"}],"curies":[{"name":"wp","href":"https:\/\/api.w.org\/{rel}","templated":true}]}}