{"id":2595,"count":1,"description":"","link":"https:\/\/senoticias.com.br\/se\/tags\/transito-na-ponte-do-rio-do-sal-sera-modificado-a-partir-da-proxima-quinta\/","name":"Tr\u00e2nsito na ponte do Rio do Sal ser\u00e1 modificado a partir da pr\u00f3xima quinta","slug":"transito-na-ponte-do-rio-do-sal-sera-modificado-a-partir-da-proxima-quinta","taxonomy":"post_tag","meta":[],"_links":{"self":[{"href":"https:\/\/senoticias.com.br\/se\/wp-json\/wp\/v2\/tags\/2595"}],"collection":[{"href":"https:\/\/senoticias.com.br\/se\/wp-json\/wp\/v2\/tags"}],"about":[{"href":"https:\/\/senoticias.com.br\/se\/wp-json\/wp\/v2\/taxonomies\/post_tag"}],"wp:post_type":[{"href":"https:\/\/senoticias.com.br\/se\/wp-json\/wp\/v2\/posts?tags=2595"}],"curies":[{"name":"wp","href":"https:\/\/api.w.org\/{rel}","templated":true}]}}