{"id":2588,"count":1,"description":"","link":"https:\/\/senoticias.com.br\/se\/tags\/governador-e-comandante-da-6a-regiao-militar-debatem-acoes-referentes-a-seca\/","name":"Governador e comandante da 6\u00aa Regi\u00e3o Militar debatem a\u00e7\u00f5es referentes \u00e0 seca","slug":"governador-e-comandante-da-6a-regiao-militar-debatem-acoes-referentes-a-seca","taxonomy":"post_tag","meta":[],"_links":{"self":[{"href":"https:\/\/senoticias.com.br\/se\/wp-json\/wp\/v2\/tags\/2588"}],"collection":[{"href":"https:\/\/senoticias.com.br\/se\/wp-json\/wp\/v2\/tags"}],"about":[{"href":"https:\/\/senoticias.com.br\/se\/wp-json\/wp\/v2\/taxonomies\/post_tag"}],"wp:post_type":[{"href":"https:\/\/senoticias.com.br\/se\/wp-json\/wp\/v2\/posts?tags=2588"}],"curies":[{"name":"wp","href":"https:\/\/api.w.org\/{rel}","templated":true}]}}