{"id":2371,"count":1,"description":"","link":"https:\/\/senoticias.com.br\/se\/tags\/carnaval-alerta-para-cuidados-com-a-alimentacao-hidratacao\/","name":"Carnaval: Alerta para cuidados com a alimenta\u00e7\u00e3o hidrata\u00e7\u00e3o","slug":"carnaval-alerta-para-cuidados-com-a-alimentacao-hidratacao","taxonomy":"post_tag","meta":[],"_links":{"self":[{"href":"https:\/\/senoticias.com.br\/se\/wp-json\/wp\/v2\/tags\/2371"}],"collection":[{"href":"https:\/\/senoticias.com.br\/se\/wp-json\/wp\/v2\/tags"}],"about":[{"href":"https:\/\/senoticias.com.br\/se\/wp-json\/wp\/v2\/taxonomies\/post_tag"}],"wp:post_type":[{"href":"https:\/\/senoticias.com.br\/se\/wp-json\/wp\/v2\/posts?tags=2371"}],"curies":[{"name":"wp","href":"https:\/\/api.w.org\/{rel}","templated":true}]}}