{"id":2202,"count":2,"description":"","link":"https:\/\/senoticias.com.br\/se\/tags\/suspeito-de-praticar-homicidio-e-preso-com-escopeta-em-estancia\/","name":"Suspeito de praticar homic\u00eddio \u00e9 preso com escopeta em Est\u00e2ncia","slug":"suspeito-de-praticar-homicidio-e-preso-com-escopeta-em-estancia","taxonomy":"post_tag","meta":[],"_links":{"self":[{"href":"https:\/\/senoticias.com.br\/se\/wp-json\/wp\/v2\/tags\/2202"}],"collection":[{"href":"https:\/\/senoticias.com.br\/se\/wp-json\/wp\/v2\/tags"}],"about":[{"href":"https:\/\/senoticias.com.br\/se\/wp-json\/wp\/v2\/taxonomies\/post_tag"}],"wp:post_type":[{"href":"https:\/\/senoticias.com.br\/se\/wp-json\/wp\/v2\/posts?tags=2202"}],"curies":[{"name":"wp","href":"https:\/\/api.w.org\/{rel}","templated":true}]}}