{"id":2143,"count":1,"description":"","link":"https:\/\/senoticias.com.br\/se\/tags\/ministerio-da-integracao-reconhece-emergencia-com-relacao-a-seca-e-estiagem-em-pedra-mole\/","name":"Minist\u00e9rio da Integra\u00e7\u00e3o reconhece emerg\u00eancia com rela\u00e7\u00e3o a seca e estiagem em Pedra Mole","slug":"ministerio-da-integracao-reconhece-emergencia-com-relacao-a-seca-e-estiagem-em-pedra-mole","taxonomy":"post_tag","meta":[],"_links":{"self":[{"href":"https:\/\/senoticias.com.br\/se\/wp-json\/wp\/v2\/tags\/2143"}],"collection":[{"href":"https:\/\/senoticias.com.br\/se\/wp-json\/wp\/v2\/tags"}],"about":[{"href":"https:\/\/senoticias.com.br\/se\/wp-json\/wp\/v2\/taxonomies\/post_tag"}],"wp:post_type":[{"href":"https:\/\/senoticias.com.br\/se\/wp-json\/wp\/v2\/posts?tags=2143"}],"curies":[{"name":"wp","href":"https:\/\/api.w.org\/{rel}","templated":true}]}}