{"id":2026,"count":1,"description":"","link":"https:\/\/senoticias.com.br\/se\/tags\/tite-convoca-selecao-para-jogo-contra-a-colombia\/","name":"Tite convoca Sele\u00e7\u00e3o para jogo contra a Col\u00f4mbia","slug":"tite-convoca-selecao-para-jogo-contra-a-colombia","taxonomy":"post_tag","meta":[],"_links":{"self":[{"href":"https:\/\/senoticias.com.br\/se\/wp-json\/wp\/v2\/tags\/2026"}],"collection":[{"href":"https:\/\/senoticias.com.br\/se\/wp-json\/wp\/v2\/tags"}],"about":[{"href":"https:\/\/senoticias.com.br\/se\/wp-json\/wp\/v2\/taxonomies\/post_tag"}],"wp:post_type":[{"href":"https:\/\/senoticias.com.br\/se\/wp-json\/wp\/v2\/posts?tags=2026"}],"curies":[{"name":"wp","href":"https:\/\/api.w.org\/{rel}","templated":true}]}}