{"id":1692,"count":1,"description":"","link":"https:\/\/senoticias.com.br\/se\/tags\/corpos-das-vitimas-sao-recebidos-em-chapeco\/","name":"corpos das v\u00edtimas s\u00e3o recebidos em Chapec\u00f3","slug":"corpos-das-vitimas-sao-recebidos-em-chapeco","taxonomy":"post_tag","meta":[],"_links":{"self":[{"href":"https:\/\/senoticias.com.br\/se\/wp-json\/wp\/v2\/tags\/1692"}],"collection":[{"href":"https:\/\/senoticias.com.br\/se\/wp-json\/wp\/v2\/tags"}],"about":[{"href":"https:\/\/senoticias.com.br\/se\/wp-json\/wp\/v2\/taxonomies\/post_tag"}],"wp:post_type":[{"href":"https:\/\/senoticias.com.br\/se\/wp-json\/wp\/v2\/posts?tags=1692"}],"curies":[{"name":"wp","href":"https:\/\/api.w.org\/{rel}","templated":true}]}}