{"id":1660,"count":1,"description":"","link":"https:\/\/senoticias.com.br\/se\/tags\/sao-cristovao-recebe-conexao-matriz-cultural\/","name":"S\u00e3o Crist\u00f3v\u00e3o recebe Conex\u00e3o Matriz Cultural","slug":"sao-cristovao-recebe-conexao-matriz-cultural","taxonomy":"post_tag","meta":[],"_links":{"self":[{"href":"https:\/\/senoticias.com.br\/se\/wp-json\/wp\/v2\/tags\/1660"}],"collection":[{"href":"https:\/\/senoticias.com.br\/se\/wp-json\/wp\/v2\/tags"}],"about":[{"href":"https:\/\/senoticias.com.br\/se\/wp-json\/wp\/v2\/taxonomies\/post_tag"}],"wp:post_type":[{"href":"https:\/\/senoticias.com.br\/se\/wp-json\/wp\/v2\/posts?tags=1660"}],"curies":[{"name":"wp","href":"https:\/\/api.w.org\/{rel}","templated":true}]}}