{"id":1659,"count":1,"description":"","link":"https:\/\/senoticias.com.br\/se\/tags\/secretaria-nacional-de-protecao-e-defesa-civil-do-ministerio-da-integracao-nacional\/","name":"Secretaria Nacional de Prote\u00e7\u00e3o e Defesa Civil do Minist\u00e9rio da Integra\u00e7\u00e3o Nacional","slug":"secretaria-nacional-de-protecao-e-defesa-civil-do-ministerio-da-integracao-nacional","taxonomy":"post_tag","meta":[],"_links":{"self":[{"href":"https:\/\/senoticias.com.br\/se\/wp-json\/wp\/v2\/tags\/1659"}],"collection":[{"href":"https:\/\/senoticias.com.br\/se\/wp-json\/wp\/v2\/tags"}],"about":[{"href":"https:\/\/senoticias.com.br\/se\/wp-json\/wp\/v2\/taxonomies\/post_tag"}],"wp:post_type":[{"href":"https:\/\/senoticias.com.br\/se\/wp-json\/wp\/v2\/posts?tags=1659"}],"curies":[{"name":"wp","href":"https:\/\/api.w.org\/{rel}","templated":true}]}}