{"id":1649,"count":1,"description":"","link":"https:\/\/senoticias.com.br\/se\/tags\/rogerio-ceni-e-o-novo-tecnico-do-sao-paulo-para-2017\/","name":"Rog\u00e9rio Ceni \u00e9 o novo t\u00e9cnico do S\u00e3o Paulo para 2017","slug":"rogerio-ceni-e-o-novo-tecnico-do-sao-paulo-para-2017","taxonomy":"post_tag","meta":[],"_links":{"self":[{"href":"https:\/\/senoticias.com.br\/se\/wp-json\/wp\/v2\/tags\/1649"}],"collection":[{"href":"https:\/\/senoticias.com.br\/se\/wp-json\/wp\/v2\/tags"}],"about":[{"href":"https:\/\/senoticias.com.br\/se\/wp-json\/wp\/v2\/taxonomies\/post_tag"}],"wp:post_type":[{"href":"https:\/\/senoticias.com.br\/se\/wp-json\/wp\/v2\/posts?tags=1649"}],"curies":[{"name":"wp","href":"https:\/\/api.w.org\/{rel}","templated":true}]}}