{"id":16478,"count":2,"description":"","link":"https:\/\/senoticias.com.br\/se\/tags\/federacao-dos-empregados-no-comercio-e-servicos-do-estado-de-sergipe\/","name":"Federa\u00e7\u00e3o dos Empregados no Com\u00e9rcio e Servi\u00e7os do Estado de Sergipe","slug":"federacao-dos-empregados-no-comercio-e-servicos-do-estado-de-sergipe","taxonomy":"post_tag","meta":[],"_links":{"self":[{"href":"https:\/\/senoticias.com.br\/se\/wp-json\/wp\/v2\/tags\/16478"}],"collection":[{"href":"https:\/\/senoticias.com.br\/se\/wp-json\/wp\/v2\/tags"}],"about":[{"href":"https:\/\/senoticias.com.br\/se\/wp-json\/wp\/v2\/taxonomies\/post_tag"}],"wp:post_type":[{"href":"https:\/\/senoticias.com.br\/se\/wp-json\/wp\/v2\/posts?tags=16478"}],"curies":[{"name":"wp","href":"https:\/\/api.w.org\/{rel}","templated":true}]}}