{"id":15043,"count":1,"description":"","link":"https:\/\/senoticias.com.br\/se\/tags\/200-anos-de-emancipacao-politica-do-estado-de-sergip\/","name":"200 anos de emancipa\u00e7\u00e3o pol\u00edtica do estado de Sergip","slug":"200-anos-de-emancipacao-politica-do-estado-de-sergip","taxonomy":"post_tag","meta":[],"_links":{"self":[{"href":"https:\/\/senoticias.com.br\/se\/wp-json\/wp\/v2\/tags\/15043"}],"collection":[{"href":"https:\/\/senoticias.com.br\/se\/wp-json\/wp\/v2\/tags"}],"about":[{"href":"https:\/\/senoticias.com.br\/se\/wp-json\/wp\/v2\/taxonomies\/post_tag"}],"wp:post_type":[{"href":"https:\/\/senoticias.com.br\/se\/wp-json\/wp\/v2\/posts?tags=15043"}],"curies":[{"name":"wp","href":"https:\/\/api.w.org\/{rel}","templated":true}]}}