{"id":1497,"count":1,"description":"","link":"https:\/\/senoticias.com.br\/se\/tags\/criancas-com-microcefalia-ganham-festa-em-comemoracao-ao-1o-ano\/","name":"Crian\u00e7as com microcefalia ganham festa em comemora\u00e7\u00e3o ao 1\u00ba ano","slug":"criancas-com-microcefalia-ganham-festa-em-comemoracao-ao-1o-ano","taxonomy":"post_tag","meta":[],"_links":{"self":[{"href":"https:\/\/senoticias.com.br\/se\/wp-json\/wp\/v2\/tags\/1497"}],"collection":[{"href":"https:\/\/senoticias.com.br\/se\/wp-json\/wp\/v2\/tags"}],"about":[{"href":"https:\/\/senoticias.com.br\/se\/wp-json\/wp\/v2\/taxonomies\/post_tag"}],"wp:post_type":[{"href":"https:\/\/senoticias.com.br\/se\/wp-json\/wp\/v2\/posts?tags=1497"}],"curies":[{"name":"wp","href":"https:\/\/api.w.org\/{rel}","templated":true}]}}