{"id":14233,"count":1,"description":"","link":"https:\/\/senoticias.com.br\/se\/tags\/recuperacao-da-joao-bebe-agua\/","name":"Recupera\u00e7\u00e3o da Jo\u00e3o Bebe \u00c1gua","slug":"recuperacao-da-joao-bebe-agua","taxonomy":"post_tag","meta":[],"_links":{"self":[{"href":"https:\/\/senoticias.com.br\/se\/wp-json\/wp\/v2\/tags\/14233"}],"collection":[{"href":"https:\/\/senoticias.com.br\/se\/wp-json\/wp\/v2\/tags"}],"about":[{"href":"https:\/\/senoticias.com.br\/se\/wp-json\/wp\/v2\/taxonomies\/post_tag"}],"wp:post_type":[{"href":"https:\/\/senoticias.com.br\/se\/wp-json\/wp\/v2\/posts?tags=14233"}],"curies":[{"name":"wp","href":"https:\/\/api.w.org\/{rel}","templated":true}]}}