{"id":14171,"count":1,"description":"","link":"https:\/\/senoticias.com.br\/se\/tags\/i-feirao-de-negociacao-de-dividas\/","name":"I Feir\u00e3o de Negocia\u00e7\u00e3o de D\u00edvidas","slug":"i-feirao-de-negociacao-de-dividas","taxonomy":"post_tag","meta":[],"_links":{"self":[{"href":"https:\/\/senoticias.com.br\/se\/wp-json\/wp\/v2\/tags\/14171"}],"collection":[{"href":"https:\/\/senoticias.com.br\/se\/wp-json\/wp\/v2\/tags"}],"about":[{"href":"https:\/\/senoticias.com.br\/se\/wp-json\/wp\/v2\/taxonomies\/post_tag"}],"wp:post_type":[{"href":"https:\/\/senoticias.com.br\/se\/wp-json\/wp\/v2\/posts?tags=14171"}],"curies":[{"name":"wp","href":"https:\/\/api.w.org\/{rel}","templated":true}]}}