{"id":1362,"count":1,"description":"","link":"https:\/\/senoticias.com.br\/se\/tags\/delegacia-plantonista-norte-registra-mais-de-160-prisoes-em-dois-meses-de-atuacao\/","name":"Delegacia Plantonista Norte registra mais de 160 pris\u00f5es em dois meses de atua\u00e7\u00e3o","slug":"delegacia-plantonista-norte-registra-mais-de-160-prisoes-em-dois-meses-de-atuacao","taxonomy":"post_tag","meta":[],"_links":{"self":[{"href":"https:\/\/senoticias.com.br\/se\/wp-json\/wp\/v2\/tags\/1362"}],"collection":[{"href":"https:\/\/senoticias.com.br\/se\/wp-json\/wp\/v2\/tags"}],"about":[{"href":"https:\/\/senoticias.com.br\/se\/wp-json\/wp\/v2\/taxonomies\/post_tag"}],"wp:post_type":[{"href":"https:\/\/senoticias.com.br\/se\/wp-json\/wp\/v2\/posts?tags=1362"}],"curies":[{"name":"wp","href":"https:\/\/api.w.org\/{rel}","templated":true}]}}