{"id":1320,"count":1,"description":"","link":"https:\/\/senoticias.com.br\/se\/tags\/sergipe-tera-mais-dois-servicos-habilitados-pelo-ministerio-da-saude-para-atendimento-as-pessoas-com-deficiencia\/","name":"Sergipe ter\u00e1 mais dois servi\u00e7os habilitados pelo Minist\u00e9rio da Sa\u00fade para atendimento \u00e0s pessoas com defici\u00eancia","slug":"sergipe-tera-mais-dois-servicos-habilitados-pelo-ministerio-da-saude-para-atendimento-as-pessoas-com-deficiencia","taxonomy":"post_tag","meta":[],"_links":{"self":[{"href":"https:\/\/senoticias.com.br\/se\/wp-json\/wp\/v2\/tags\/1320"}],"collection":[{"href":"https:\/\/senoticias.com.br\/se\/wp-json\/wp\/v2\/tags"}],"about":[{"href":"https:\/\/senoticias.com.br\/se\/wp-json\/wp\/v2\/taxonomies\/post_tag"}],"wp:post_type":[{"href":"https:\/\/senoticias.com.br\/se\/wp-json\/wp\/v2\/posts?tags=1320"}],"curies":[{"name":"wp","href":"https:\/\/api.w.org\/{rel}","templated":true}]}}