{"id":1302,"count":1,"description":"","link":"https:\/\/senoticias.com.br\/se\/tags\/tres-praias-sergipanas-estao-improprias-para-o-banho\/","name":"Tr\u00eas praias sergipanas est\u00e3o impr\u00f3prias para o banho","slug":"tres-praias-sergipanas-estao-improprias-para-o-banho","taxonomy":"post_tag","meta":[],"_links":{"self":[{"href":"https:\/\/senoticias.com.br\/se\/wp-json\/wp\/v2\/tags\/1302"}],"collection":[{"href":"https:\/\/senoticias.com.br\/se\/wp-json\/wp\/v2\/tags"}],"about":[{"href":"https:\/\/senoticias.com.br\/se\/wp-json\/wp\/v2\/taxonomies\/post_tag"}],"wp:post_type":[{"href":"https:\/\/senoticias.com.br\/se\/wp-json\/wp\/v2\/posts?tags=1302"}],"curies":[{"name":"wp","href":"https:\/\/api.w.org\/{rel}","templated":true}]}}