{"id":12522,"count":1,"description":"","link":"https:\/\/senoticias.com.br\/se\/tags\/aprovacao-reforma-da-previdencia-rodrigo-maia\/","name":"aprova\u00e7\u00e3o Reforma da Previd\u00eancia Rodrigo Maia","slug":"aprovacao-reforma-da-previdencia-rodrigo-maia","taxonomy":"post_tag","meta":[],"_links":{"self":[{"href":"https:\/\/senoticias.com.br\/se\/wp-json\/wp\/v2\/tags\/12522"}],"collection":[{"href":"https:\/\/senoticias.com.br\/se\/wp-json\/wp\/v2\/tags"}],"about":[{"href":"https:\/\/senoticias.com.br\/se\/wp-json\/wp\/v2\/taxonomies\/post_tag"}],"wp:post_type":[{"href":"https:\/\/senoticias.com.br\/se\/wp-json\/wp\/v2\/posts?tags=12522"}],"curies":[{"name":"wp","href":"https:\/\/api.w.org\/{rel}","templated":true}]}}