{"id":1245,"count":1,"description":"","link":"https:\/\/senoticias.com.br\/se\/tags\/defesa-de-dilma-tera-mais-um-dia-para-apresentar-alegacoes-finais\/","name":"Defesa de Dilma ter\u00e1 mais um dia para apresentar alega\u00e7\u00f5es finais","slug":"defesa-de-dilma-tera-mais-um-dia-para-apresentar-alegacoes-finais","taxonomy":"post_tag","meta":[],"_links":{"self":[{"href":"https:\/\/senoticias.com.br\/se\/wp-json\/wp\/v2\/tags\/1245"}],"collection":[{"href":"https:\/\/senoticias.com.br\/se\/wp-json\/wp\/v2\/tags"}],"about":[{"href":"https:\/\/senoticias.com.br\/se\/wp-json\/wp\/v2\/taxonomies\/post_tag"}],"wp:post_type":[{"href":"https:\/\/senoticias.com.br\/se\/wp-json\/wp\/v2\/posts?tags=1245"}],"curies":[{"name":"wp","href":"https:\/\/api.w.org\/{rel}","templated":true}]}}