{"id":12245,"count":1,"description":"","link":"https:\/\/senoticias.com.br\/se\/tags\/vereador-weldo-mariano-caninde-de-sao-francisco-nota-repudio\/","name":"vereador Weldo Mariano Canind\u00e9 de S\u00e3o Francisco nota rep\u00fadio","slug":"vereador-weldo-mariano-caninde-de-sao-francisco-nota-repudio","taxonomy":"post_tag","meta":[],"_links":{"self":[{"href":"https:\/\/senoticias.com.br\/se\/wp-json\/wp\/v2\/tags\/12245"}],"collection":[{"href":"https:\/\/senoticias.com.br\/se\/wp-json\/wp\/v2\/tags"}],"about":[{"href":"https:\/\/senoticias.com.br\/se\/wp-json\/wp\/v2\/taxonomies\/post_tag"}],"wp:post_type":[{"href":"https:\/\/senoticias.com.br\/se\/wp-json\/wp\/v2\/posts?tags=12245"}],"curies":[{"name":"wp","href":"https:\/\/api.w.org\/{rel}","templated":true}]}}