{"id":12123,"count":1,"description":"","link":"https:\/\/senoticias.com.br\/se\/tags\/jair-bolsonaro-rejeita-regulamentacao-de-midia\/","name":"Jair Bolsonaro rejeita regulamenta\u00e7\u00e3o de m\u00eddia","slug":"jair-bolsonaro-rejeita-regulamentacao-de-midia","taxonomy":"post_tag","meta":[],"_links":{"self":[{"href":"https:\/\/senoticias.com.br\/se\/wp-json\/wp\/v2\/tags\/12123"}],"collection":[{"href":"https:\/\/senoticias.com.br\/se\/wp-json\/wp\/v2\/tags"}],"about":[{"href":"https:\/\/senoticias.com.br\/se\/wp-json\/wp\/v2\/taxonomies\/post_tag"}],"wp:post_type":[{"href":"https:\/\/senoticias.com.br\/se\/wp-json\/wp\/v2\/posts?tags=12123"}],"curies":[{"name":"wp","href":"https:\/\/api.w.org\/{rel}","templated":true}]}}