{"id":10682,"count":1,"description":"","link":"https:\/\/senoticias.com.br\/se\/tags\/candidato-pelo-psol-a-presidencia-da-republica\/","name":"Candidato pelo PSOL \u00e0 Presid\u00eancia da Rep\u00fablica","slug":"candidato-pelo-psol-a-presidencia-da-republica","taxonomy":"post_tag","meta":[],"_links":{"self":[{"href":"https:\/\/senoticias.com.br\/se\/wp-json\/wp\/v2\/tags\/10682"}],"collection":[{"href":"https:\/\/senoticias.com.br\/se\/wp-json\/wp\/v2\/tags"}],"about":[{"href":"https:\/\/senoticias.com.br\/se\/wp-json\/wp\/v2\/taxonomies\/post_tag"}],"wp:post_type":[{"href":"https:\/\/senoticias.com.br\/se\/wp-json\/wp\/v2\/posts?tags=10682"}],"curies":[{"name":"wp","href":"https:\/\/api.w.org\/{rel}","templated":true}]}}