{"id":99975,"date":"2017-01-28T12:48:00","date_gmt":"2017-01-28T15:48:00","guid":{"rendered":"http:\/\/senoticias.com.br\/se\/?p=99975"},"modified":"2017-01-28T13:15:43","modified_gmt":"2017-01-28T16:15:43","slug":"edvaldo-se-reune-com-o-governador-de-alagoas-e-com-o-prefeito-de-maceio","status":"publish","type":"post","link":"https:\/\/senoticias.com.br\/se\/edvaldo-se-reune-com-o-governador-de-alagoas-e-com-o-prefeito-de-maceio\/","title":{"rendered":"Edvaldo se re\u00fane com o governador de Alagoas e com o prefeito de Macei\u00f3"},"content":{"rendered":"<div style=\"text-align: justify;\">\n<p>O prefeito de Aracaju, Edvaldo Nogueira, participou, nesta sexta-feira (27), em Macei\u00f3 (AL), de duas audi\u00eancias &#8211; uma com o governador de Alagoas, Renan Filho, e outra com o prefeito da capital, Rui Palmeira. Nas oportunidades, eles discutiram a situa\u00e7\u00e3o das administra\u00e7\u00f5es e abriram a possibilidade de compartilhamento de experi\u00eancias exitosas entre as gest\u00f5es.<\/p>\n<div id=\"attachment_99976\" style=\"width: 609px\" class=\"wp-caption aligncenter\"><img loading=\"lazy\" decoding=\"async\" aria-describedby=\"caption-attachment-99976\" class=\"size-full wp-image-99976\" src=\"http:\/\/senoticias.com.br\/se\/wp-content\/uploads\/2017\/01\/Edvaldo-com-o-governador-de-Alagoas-SE-Noticias-e1485618422717.jpg\" alt=\"Edvaldo se re\u00fane com o governador de Alagoas e com o prefeito de Macei\u00f3\" width=\"599\" height=\"393\" \/><p id=\"caption-attachment-99976\" class=\"wp-caption-text\">Edvaldo se re\u00fane com o governador de Alagoas e com o prefeito de Macei\u00f3. (Foto: divulga\u00e7\u00e3o\/ascom)<\/p><\/div>\n<\/div>\n<div style=\"text-align: justify;\"><\/div>\n<div style=\"text-align: justify;\">No encontro com o prefeito Rui Palmeira, eles trataram de temas em comum da municipalidade e falaram da reuni\u00e3o da qual participar\u00e3o na pr\u00f3xima ter\u00e7a-feira (31), em Bras\u00edlia, com a presidente do Supremo Tribunal Federal, C\u00e1rmen L\u00facia. A audi\u00eancia com a ministra foi solicitada pela Frente Nacional dos Prefeitos. J\u00e1 com o governador de Alagoas, Edvaldo conversou sobre a crise enfrentada pelas administra\u00e7\u00f5es neste momento atual.<\/div>\n<div style=\"text-align: justify;\"><\/div>\n<div style=\"text-align: justify;\">\u201cForam reuni\u00f5es muito positivas, tratamos de quest\u00f5es administrativas e abrimos o di\u00e1logo para a realiza\u00e7\u00e3o de interc\u00e2mbio de experi\u00eancias bem-sucedidas dos nossos governos. Tamb\u00e9m foi uma oportunidade para saber como estes gestores est\u00e3o lidando com este momento dif\u00edcil do pa\u00eds e que alternativas podemos seguir para minorar os efeitos da crise\u201d, afirmou Edvaldo Nogueira.<\/div>\n<div style=\"text-align: justify;\"><\/div>\n<div style=\"text-align: justify;\"><img loading=\"lazy\" decoding=\"async\" class=\"aligncenter size-full wp-image-99844\" src=\"http:\/\/senoticias.com.br\/se\/wp-content\/uploads\/2017\/01\/Logo-fone-1-2-1-2-4.jpg\" alt=\"Logo-fone-1-2-1-2\" width=\"599\" height=\"78\" srcset=\"https:\/\/senoticias.com.br\/se\/wp-content\/uploads\/2017\/01\/Logo-fone-1-2-1-2-4.jpg 599w, https:\/\/senoticias.com.br\/se\/wp-content\/uploads\/2017\/01\/Logo-fone-1-2-1-2-4-300x39.jpg 300w\" sizes=\"(max-width: 599px) 100vw, 599px\" \/><\/div>\n<div style=\"text-align: justify;\"><\/div>\n<div style=\"text-align: justify;\"><em><strong>Acompanhe tamb\u00e9m o SE Not\u00edcias no<\/strong><span class=\"apple-converted-space\"><b>\u00a0<\/b><\/span><strong><a href=\"https:\/\/twitter.com\/Senoticias\" target=\"_blank\">Twitter<\/a>,<\/strong><span class=\"apple-converted-space\"><b>\u00a0<\/b><\/span><strong><a href=\"https:\/\/www.facebook.com\/senoticias1\" target=\"_blank\">Facebook<span class=\"apple-converted-space\">\u00a0<\/span><\/a>e no<\/strong><span class=\"apple-converted-space\"><b>\u00a0<\/b><\/span><strong><a href=\"https:\/\/www.instagram.com\/senoticias\/\" target=\"_blank\">Instagram<\/a><\/strong><\/em><\/div>\n<div style=\"text-align: justify;\"><\/div>\n<div style=\"text-align: justify;\"><em>Da Ascom\/Edvaldo<\/em><\/div>\n","protected":false},"excerpt":{"rendered":"<p>O prefeito de Aracaju, Edvaldo Nogueira, participou, nesta sexta-feira (27), em Macei\u00f3 (AL), de duas audi\u00eancias &#8211; uma com o governador de Alagoas, Renan Filho, e outra com o prefeito da capital, Rui Palmeira. Nas oportunidades, eles discutiram a situa\u00e7\u00e3o das administra\u00e7\u00f5es e abriram a possibilidade de compartilhamento de experi\u00eancias exitosas entre as gest\u00f5es. No [&hellip;]<\/p>\n","protected":false},"author":2,"featured_media":99976,"comment_status":"closed","ping_status":"closed","sticky":false,"template":"","format":"standard","meta":{"footnotes":""},"categories":[15,1461],"tags":[2125,2126,2124,2122,2123,1565],"class_list":{"0":"post-99975","1":"post","2":"type-post","3":"status-publish","4":"format-standard","5":"has-post-thumbnail","7":"category-destaques","8":"category-eleicoes-2016","9":"tag-edvaldo-em-alagoas","10":"tag-edvaldo-em-maceio","11":"tag-edvaldo-nogueira-em-alagoas","12":"tag-edvaldo-se-reune-com-o-governador-de-alagoas","13":"tag-edvaldo-se-reune-com-o-prefeito-de-maceio","14":"tag-prefeito-de-aracaju"},"_links":{"self":[{"href":"https:\/\/senoticias.com.br\/se\/wp-json\/wp\/v2\/posts\/99975"}],"collection":[{"href":"https:\/\/senoticias.com.br\/se\/wp-json\/wp\/v2\/posts"}],"about":[{"href":"https:\/\/senoticias.com.br\/se\/wp-json\/wp\/v2\/types\/post"}],"author":[{"embeddable":true,"href":"https:\/\/senoticias.com.br\/se\/wp-json\/wp\/v2\/users\/2"}],"replies":[{"embeddable":true,"href":"https:\/\/senoticias.com.br\/se\/wp-json\/wp\/v2\/comments?post=99975"}],"version-history":[{"count":0,"href":"https:\/\/senoticias.com.br\/se\/wp-json\/wp\/v2\/posts\/99975\/revisions"}],"wp:featuredmedia":[{"embeddable":true,"href":"https:\/\/senoticias.com.br\/se\/wp-json\/wp\/v2\/media\/99976"}],"wp:attachment":[{"href":"https:\/\/senoticias.com.br\/se\/wp-json\/wp\/v2\/media?parent=99975"}],"wp:term":[{"taxonomy":"category","embeddable":true,"href":"https:\/\/senoticias.com.br\/se\/wp-json\/wp\/v2\/categories?post=99975"},{"taxonomy":"post_tag","embeddable":true,"href":"https:\/\/senoticias.com.br\/se\/wp-json\/wp\/v2\/tags?post=99975"}],"curies":[{"name":"wp","href":"https:\/\/api.w.org\/{rel}","templated":true}]}}