{"id":99970,"date":"2017-01-27T19:44:21","date_gmt":"2017-01-27T22:44:21","guid":{"rendered":"http:\/\/senoticias.com.br\/se\/?p=99970"},"modified":"2017-01-28T22:13:43","modified_gmt":"2017-01-29T01:13:43","slug":"forum-estadual-de-secretarios-municipais-de-agricultura-debate-sobre-desafios-e-politicas-publicas-para-o-campo-sergipano","status":"publish","type":"post","link":"https:\/\/senoticias.com.br\/se\/forum-estadual-de-secretarios-municipais-de-agricultura-debate-sobre-desafios-e-politicas-publicas-para-o-campo-sergipano\/","title":{"rendered":"F\u00f3rum estadual de secret\u00e1rios municipais de agricultura debate sobre desafios e pol\u00edticas p\u00fablicas para o campo sergipano"},"content":{"rendered":"<p style=\"text-align: justify;\">Com o objetivo de articular e fortalecer as pol\u00edticas p\u00fablicas estaduais e municipais voltadas para o campo, aconteceu nesta quinta-feira, 26, o F\u00f3rum Estadual de Secret\u00e1rios Municipais da Agricultura. O evento foi realizado pela Secretaria de Estado da Agricultura, Desenvolvimento Agr\u00e1rio e da Pesca (Seagri) em parceria com suas empresas vinculadas: Companhia de Desenvolvimento de Recursos H\u00eddricos e Irriga\u00e7\u00e3o de Sergipe (Cohidro) e Empresa de Desenvolvimento Agropecu\u00e1rio (Emdagro). Esta \u00faltima sediou o evento durante toda a manh\u00e3.<\/p>\n<div id=\"attachment_99971\" style=\"width: 609px\" class=\"wp-caption aligncenter\"><img loading=\"lazy\" decoding=\"async\" aria-describedby=\"caption-attachment-99971\" class=\"size-full wp-image-99971\" src=\"http:\/\/senoticias.com.br\/se\/wp-content\/uploads\/2017\/01\/Secretarios-de-Agricultura-SE-Noticias-e1485556921939.jpg\" alt=\"Essa \u00e9 a primeira vez, em Sergipe, que se realiza um encontro estadual com secret\u00e1rios municipais da Agricultura. (Foto: ascom\/Emdagro)\" width=\"599\" height=\"400\" \/><p id=\"caption-attachment-99971\" class=\"wp-caption-text\">Essa \u00e9 a primeira vez, em Sergipe, que se realiza um encontro estadual com secret\u00e1rios municipais da Agricultura. (Foto: ascom\/Emdagro)<\/p><\/div>\n<p style=\"text-align: justify;\">Nos \u00faltimos dois anos a Seagri vem apoiando e participando da realiza\u00e7\u00e3o de f\u00f3runs regionais da Agricultura, por territ\u00f3rios sergipanos, mas essa \u00e9 a primeira vez, em Sergipe, que se realiza um encontro estadual com secret\u00e1rios municipais da Agricultura.\u00a0 Com o in\u00edcio da gest\u00e3o em v\u00e1rios munic\u00edpios, a secretaria sentiu a necessidade de passar para os novos gestores informa\u00e7\u00f5es sobre os programas e projetos realizados pelo Estado por meio da Seagri e de suas empresas de assist\u00eancia t\u00e9cnica e recursos h\u00eddricos.<\/p>\n<p>&nbsp;<\/p>\n<p style=\"text-align: justify;\">Das 74 cidades do interior sergipano, 37 enviaram titulares da pasta, outras estiveram representadas por assessores ou t\u00e9cnicos. \u201cEssa \u00e9 uma representa\u00e7\u00e3o significativa, visto que muitos munic\u00edpios, com os prefeitos rec\u00e9m-empossados, ainda n\u00e3o nomearam seus secret\u00e1rios e outros sequer t\u00eam uma secretaria espec\u00edfica para agricultura e pesca\u201d, disse o secret\u00e1rio de Estado, Esmeraldo Leal dos Santos.<\/p>\n<p style=\"text-align: justify;\">\u201cEstamos dando o peso ou o valor que a agricultura merece, pois grande parte da riqueza gerada em nosso estado vem da agropecu\u00e1ria. Um setor que sustenta a economia de muitos munic\u00edpios sergipanos e regi\u00f5es, a exemplo das cidades que vivem da produ\u00e7\u00e3o do arroz no Baixo S\u00e3o Francisco, do milho e do leite no Alto-Sert\u00e3o, da laranja e outros citros no Sul sergipano, este inclusive \u00e9 o principal produto de exporta\u00e7\u00e3o na balan\u00e7a comercial do estado. Ou seja, temos uma agropecu\u00e1ria forte e que merece respeito\u201d, assegurou Esmeraldo. Ele garantiu ainda que o encontro serve tamb\u00e9m para demonstrar este potencial, melhorar a autoestima dos gestores municipais e compartilhar responsabilidades.<\/p>\n<p>&nbsp;<\/p>\n<p style=\"text-align: justify;\">O grande potencial da agropecu\u00e1ria foi enfatizado tamb\u00e9m pelo presidente da Associa\u00e7\u00e3o dos Engenheiros Agr\u00f4nomos do Estado de Sergipe (AEASE), Fernando Andrade. Segundo ele \u201ca agricultura \u00e9 respons\u00e1vel por 33% do PIB nacional e 40% de todos os empregos gerados no pa\u00eds e em Sergipe n\u00e3o \u00e9 diferente. A agricultura \u00e9 uma atividade estrat\u00e9gica porque n\u00e3o s\u00f3 gera divisas e renda, emprego, mas acima de tudo fixa o produtor no campo produzindo para a popula\u00e7\u00e3o das cidades. Afinal, o que seria das cidades sem o produtor do campo?\u201d Andrade acrescenta que o f\u00f3rum serve para tirar li\u00e7\u00f5es, uma delas \u00e9 fazer planejamento das a\u00e7\u00f5es para minimizar os problemas.<\/p>\n<p><strong>Desafios<\/strong><\/p>\n<p style=\"text-align: justify;\">Os desafios mais comuns apresentados pelos secret\u00e1rios municipais est\u00e3o voltados para a falta de or\u00e7amento para agricultura e o longo per\u00edodo de seca que passa o estado e seus desdobramentos. \u201cTodos os esfor\u00e7os do Estado e dos munic\u00edpios parecem ser insuficientes diante da crise h\u00eddrica, 90% das liga\u00e7\u00f5es que recebo \u00e9 pedindo \u00e1gua, disse o secret\u00e1rio Dejalci, de Nossa Senhora da Gl\u00f3ria. Muitos demonstraram preocupa\u00e7\u00e3o e at\u00e9 impot\u00eancia diante dos problemas. \u201cVisitei um assentamento no \u00faltimo domingo e vi sete vaquinhas morrendo de fome e o produtor desesperado sem saber o que fazer\u201d, relatou o secret\u00e1rio Jos\u00e9 Brito da cidade de Gararu demonstrando o cen\u00e1rio de dificuldade. Outros temas que desafiam as gest\u00f5es municipais est\u00e3o voltados para a praga da mosca negra, o fortalecimento da cadeia produtiva da pesca e contrata\u00e7\u00e3o de concurso p\u00fablico para as empresas estatais de assist\u00eancia ao campo.<\/p>\n<p><strong>A\u00e7\u00f5es do Estado<\/strong><\/p>\n<p style=\"text-align: justify;\">O secret\u00e1rio Esmeraldo Leal relacionou mais de vinte a\u00e7\u00f5es que atualmente est\u00e3o sendo levadas ao campo pelo Governo do Estado, por meio da Seagri, Emdagro e Cohidro. A\u00e7\u00f5es que minimizam os efeitos da seca como perfura\u00e7\u00e3o de po\u00e7os, limpeza de barragens, moderniza\u00e7\u00e3o dos per\u00edmetros, Garantia Safra; a\u00e7\u00f5es de desenvolvimento como regulariza\u00e7\u00e3o fundi\u00e1ria, acesso \u00e0 terra, assist\u00eancia t\u00e9cnica, defesa animal e vegetal, investimentos em atividades produtivas ou neg\u00f3cios rurais pelo Projeto Dom T\u00e1vora, distribui\u00e7\u00e3o de sementes e mecaniza\u00e7\u00e3o agr\u00edcola, entre outros. \u201cTemos todas estas a\u00e7\u00f5es e estamos empenhados em buscar mais. O pr\u00f3prio governador Jackson Barreto tem ido ao Governo Federal pleitear mais recursos para abastecimento e alimenta\u00e7\u00e3o animal porque sabe da realidade, disse.<\/p>\n<p>&nbsp;<\/p>\n<p style=\"text-align: justify;\">\u201cDevemos aprofunda as rela\u00e7\u00f5es e manter um di\u00e1logo permanente entre o Estado e os munic\u00edpios para encontrarmos sa\u00eddas conjuntas\u201d acrescentou Esmeraldo. Para isso ele colocou \u00e0 disposi\u00e7\u00e3o dos gestores municipais uma rela\u00e7\u00e3o com nomes e contatos dos principais setores, programas e projetos da secretaria e das empresas estatais.<\/p>\n<p style=\"text-align: justify;\"><strong>Emdagro<\/strong><\/p>\n<p style=\"text-align: justify;\">O presidente da Emdagro, Jefferson Feitosa, destacou o quanto \u00e9 importante e estrat\u00e9gica a a\u00e7\u00e3o do \u00f3rg\u00e3o para o setor agropecu\u00e1rio sergipano. A empresa p\u00fablica atua h\u00e1 55 anos nas \u00e1reas de assist\u00eancia t\u00e9cnica, extens\u00e3o rural, pesquisa, defesa agropecu\u00e1ria e a\u00e7\u00f5es fundi\u00e1rias. S\u00e3o 130 mil agricultores familiares assistidos em uma estrutura espalhada polo interior com 34 escrit\u00f3rios municipais, 4 regionais, 3 unidades m\u00f3veis de fiscaliza\u00e7\u00e3o, 2 Parques de Exposi\u00e7\u00e3o, 2 Centros de Forma\u00e7\u00e3o e Tecnologia, 2 Esta\u00e7\u00f5es Experimentais, 1 Laborat\u00f3rio de Zoosanidade Animal, 1 Laborat\u00f3rio de classifica\u00e7\u00e3o de produtos de origem vegetal e 1 Campo de produ\u00e7\u00e3o de mudas.<\/p>\n<p>&nbsp;<\/p>\n<p style=\"text-align: justify;\">\u201cA Emdagro carrega com orgulho conquistas como a certifica\u00e7\u00e3o estadual com \u00e1rea livre de febre aftosa, certifica\u00e7\u00e3o Internacional de livre de Peste Su\u00edna Cl\u00e1ssica sem vacina\u00e7\u00e3o\u201d, disse Jeferson, acrescentando que, al\u00e9m disso, a empresa d\u00e1 um importante suporte no desenvolvimento do programa de governo M\u00e3o Amiga, sob a coordena\u00e7\u00e3o da Secretaria de Estado da Inclus\u00e3o e do Desenvolvimento Social, e do Projeto Dom T\u00e1vora, sob a coordena\u00e7\u00e3o da Seagri.<\/p>\n<p style=\"text-align: justify;\">Na oportunidade, Jefferson se comprometeu em visitar todas as secretarias municipais de agricultura, juntamente com a equipe dos escrit\u00f3rios locais dos respectivos munic\u00edpios, a fim de tra\u00e7arem com os gestores das pastas as estrat\u00e9gias necess\u00e1rias para o desenvolvimento da agricultura local.<\/p>\n<p><strong>Cohidro<\/strong><\/p>\n<p style=\"text-align: justify;\">\u201cMuitos conhecem a Cohidro apenas como empresa de perfura\u00e7\u00e3o de po\u00e7os artesianos, mas essa \u00e9 apenas uma das atividades importantes que vem desenvolvendo ao longo dos 35 anos de exist\u00eancia e servi\u00e7os prestados ao estado. O \u00f3rg\u00e3o administra seis per\u00edmetros irrigados. Mesmo nesse momento de seca \u00e9 respons\u00e1vel por manter Sergipe com uma das cestas b\u00e1sicas mais baratas do Nordeste por conta do trabalho subsidiado aos pequenos e m\u00e9dios produtores rurais fornecendo \u00e1gua dos per\u00edmetros para os agricultores de forma sustent\u00e1vel\u201d, expressou o presidente da Cohidro, Jos\u00e9 Carlos Felizola Soares Filho.<\/p>\n<p style=\"text-align: justify;\">Felizola exemplificou que a maior parte da produ\u00e7\u00e3o do Per\u00edmetro Irrigado Calif\u00f3rnia, de Canind\u00e9 de S\u00e3o Francisco, vai para a Ceasa da Salvador-BA. Outros polos irrigados da Cohidro, como os situados em Itabaiana e Lagarto, abastecem diversas feiras nos munic\u00edpios e mercados nas capitais baiana e sergipana.<\/p>\n<p>&nbsp;<\/p>\n<p style=\"text-align: justify;\">\u201cTrabalhamos com tudo que diz respeito aos recursos h\u00eddricos em Sergipe. A maioria das obras em barragens, nos \u00faltimos 10 anos, foram feitas com a supervis\u00e3o da Cohidro, parcerias com os munic\u00edpios para limpeza e recupera\u00e7\u00e3o de a\u00e7udes e barragens que servem, principalmente, para a dessedenta\u00e7\u00e3o animal. Ontem mesmo est\u00e1vamos na Barra da On\u00e7a (Po\u00e7o Redondo), onde ser\u00e3o constru\u00eddas tr\u00eas barragens de terra, por solicita\u00e7\u00e3o do governador Jackson Barreto, a partir de recursos do pr\u00f3prio Estado. Estamos conseguindo tamb\u00e9m, via Minist\u00e9rios da Integra\u00e7\u00e3o Nacional e do Desenvolvimento Agr\u00e1rio, R$ 20 milh\u00f5es para ampliar ainda mais as a\u00e7\u00f5es de limpeza de tanques, constru\u00e7\u00e3o de cisternas. Enfim, s\u00e3o muitos os desafios que temos pela frente no sentido de execu\u00e7\u00e3o de benef\u00edcios para a popula\u00e7\u00e3o do campo\u201d, exp\u00f4s o presidente da Cohidro.<\/p>\n<p><strong>Avalia\u00e7\u00e3o<\/strong><\/p>\n<p style=\"text-align: justify;\">O secret\u00e1rio da Agricultura de Gl\u00f3ria, Dijalci Arag\u00e3o disse que o f\u00f3rum foi positivo. \u201cEst\u00e1 de parab\u00e9ns o secret\u00e1rio Esmeraldo Leal, por essa iniciativa de reunir secret\u00e1rios novos e os que v\u00eam da gest\u00e3o anterior em um momento t\u00e3o dif\u00edcil para os munic\u00edpios. Esse \u00e9 um momento de fortalecimento uma uni\u00e3o dos secret\u00e1rios. Sabemos das limita\u00e7\u00f5es, mas ningu\u00e9m se furtou frente aos desafios, pelo contr\u00e1rio, estamos somando for\u00e7as para vencer as dificuldades para fazer com que o homem do campo possa vencer a crise e a economia volte a fluir\u201d.<\/p>\n<p style=\"text-align: justify;\">Josefa Menezes de Carvalho, secret\u00e1ria de Agricultura de Malhador disse que \u201cfoi enriquecedor para todos. Importante para perceber que estamos passando pelo mesmo dilema. Trouxemos muito nossos dilemas e pudemos discutir com oportunidade de ouvir e falar\u201d.<\/p>\n<p>&nbsp;<\/p>\n<p style=\"text-align: justify;\">\u201cGostei da qualidade dos gestores que os prefeitos escolheram, conhe\u00e7o muitos secret\u00e1rios e fiquei entusiasmado com a qualidade t\u00e9cnica e pol\u00edtica, digo assim porque as vezem s\u00e3o bons t\u00e9cnicos, mas desarticulados com as a\u00e7\u00f5es estaduais e federais. Vi uma vontade muito grande de construir esse momento de articula\u00e7\u00e3o que chamamos de f\u00f3rum estadual, saio otimista, tendo a certeza de que teremos um bom grupo de gestores p\u00fablicos para melhorar o potencial do estado\u201d, avaliou Esmeraldo Leal.<\/p>\n<p style=\"text-align: justify;\">Participaram ainda os prefeitos Aroaldo Chagas (Neg\u00e3o) de Carira, Manoel Oliveira de Itabi, Major Queiroz da Defesa Civil e Manoel Mendon\u00e7a da Delegacia Federal do Desenvolvimento Agr\u00e1rio.<\/p>\n<p style=\"text-align: justify;\"><img loading=\"lazy\" decoding=\"async\" class=\"aligncenter size-full wp-image-99844\" src=\"http:\/\/senoticias.com.br\/se\/wp-content\/uploads\/2017\/01\/Logo-fone-1-2-1-2-4.jpg\" alt=\"Logo-fone-1-2-1-2\" width=\"599\" height=\"78\" srcset=\"https:\/\/senoticias.com.br\/se\/wp-content\/uploads\/2017\/01\/Logo-fone-1-2-1-2-4.jpg 599w, https:\/\/senoticias.com.br\/se\/wp-content\/uploads\/2017\/01\/Logo-fone-1-2-1-2-4-300x39.jpg 300w\" sizes=\"(max-width: 599px) 100vw, 599px\" \/><\/p>\n<p style=\"text-align: justify;\"><strong>Acompanhe tamb\u00e9m o SE Not\u00edcias no<\/strong><span class=\"apple-converted-space\"><b>\u00a0<\/b><\/span><strong><a href=\"https:\/\/twitter.com\/Senoticias\" target=\"_blank\">Twitter<\/a>,<\/strong><span class=\"apple-converted-space\"><b>\u00a0<\/b><\/span><strong><a href=\"https:\/\/www.facebook.com\/senoticias1\" target=\"_blank\">Facebook<span class=\"apple-converted-space\">\u00a0<\/span><\/a>e no<\/strong><span class=\"apple-converted-space\"><b>\u00a0<\/b><\/span><strong><a href=\"https:\/\/www.instagram.com\/senoticias\/\" target=\"_blank\">Instagram<\/a><\/strong><\/p>\n<p><em><strong>Fonte: Ascom\/Seagri<\/strong><\/em><\/p>\n","protected":false},"excerpt":{"rendered":"<p>Com o objetivo de articular e fortalecer as pol\u00edticas p\u00fablicas estaduais e municipais voltadas para o campo, aconteceu nesta quinta-feira, 26, o F\u00f3rum Estadual de Secret\u00e1rios Municipais da Agricultura. O evento foi realizado pela Secretaria de Estado da Agricultura, Desenvolvimento Agr\u00e1rio e da Pesca (Seagri) em parceria com suas empresas vinculadas: Companhia de Desenvolvimento de [&hellip;]<\/p>\n","protected":false},"author":2,"featured_media":99971,"comment_status":"closed","ping_status":"closed","sticky":false,"template":"","format":"standard","meta":{"footnotes":""},"categories":[15,6],"tags":[],"class_list":{"0":"post-99970","1":"post","2":"type-post","3":"status-publish","4":"format-standard","5":"has-post-thumbnail","7":"category-destaques","8":"category-politica"},"_links":{"self":[{"href":"https:\/\/senoticias.com.br\/se\/wp-json\/wp\/v2\/posts\/99970"}],"collection":[{"href":"https:\/\/senoticias.com.br\/se\/wp-json\/wp\/v2\/posts"}],"about":[{"href":"https:\/\/senoticias.com.br\/se\/wp-json\/wp\/v2\/types\/post"}],"author":[{"embeddable":true,"href":"https:\/\/senoticias.com.br\/se\/wp-json\/wp\/v2\/users\/2"}],"replies":[{"embeddable":true,"href":"https:\/\/senoticias.com.br\/se\/wp-json\/wp\/v2\/comments?post=99970"}],"version-history":[{"count":0,"href":"https:\/\/senoticias.com.br\/se\/wp-json\/wp\/v2\/posts\/99970\/revisions"}],"wp:featuredmedia":[{"embeddable":true,"href":"https:\/\/senoticias.com.br\/se\/wp-json\/wp\/v2\/media\/99971"}],"wp:attachment":[{"href":"https:\/\/senoticias.com.br\/se\/wp-json\/wp\/v2\/media?parent=99970"}],"wp:term":[{"taxonomy":"category","embeddable":true,"href":"https:\/\/senoticias.com.br\/se\/wp-json\/wp\/v2\/categories?post=99970"},{"taxonomy":"post_tag","embeddable":true,"href":"https:\/\/senoticias.com.br\/se\/wp-json\/wp\/v2\/tags?post=99970"}],"curies":[{"name":"wp","href":"https:\/\/api.w.org\/{rel}","templated":true}]}}