{"id":99968,"date":"2017-01-27T19:31:19","date_gmt":"2017-01-27T22:31:19","guid":{"rendered":"http:\/\/senoticias.com.br\/se\/?p=99968"},"modified":"2017-01-27T19:31:19","modified_gmt":"2017-01-27T22:31:19","slug":"novo-secretario-de-saude-do-estado-comeca-trabalhos-com-visita-ao-huse","status":"publish","type":"post","link":"https:\/\/senoticias.com.br\/se\/novo-secretario-de-saude-do-estado-comeca-trabalhos-com-visita-ao-huse\/","title":{"rendered":"Novo secret\u00e1rio de Sa\u00fade do Estado come\u00e7a trabalhos com visita ao Huse"},"content":{"rendered":"<div style=\"text-align: justify;\">Dando in\u00edcio ao calend\u00e1rio de visitas \u00e0s unidades gerenciadas pela Secretaria de Estado da Sa\u00fade (SES) e Funda\u00e7\u00e3o Hospitalar da Sa\u00fade (FHS), o secret\u00e1rio de Estado da Sa\u00fade, Almeida Lima, em seu primeiro dia como gestor da Pasta, realizou no final da manh\u00e3 desta sexta-feira, 27, uma visita \u00e0 superintend\u00eancia do Hospital de Urg\u00eancias de Sergipe (Huse). O secret\u00e1rio foi conversar com servidores e conhecer o trabalho que \u00e9 desenvolvido na maior refer\u00eancia em alta e m\u00e9dia complexidade do estado.<\/p>\n<div id=\"attachment_99969\" style=\"width: 609px\" class=\"wp-caption aligncenter\"><img loading=\"lazy\" decoding=\"async\" aria-describedby=\"caption-attachment-99969\" class=\"size-full wp-image-99969\" src=\"http:\/\/senoticias.com.br\/se\/wp-content\/uploads\/2017\/01\/Almeida-Lima-SE-Noticias-e1485556171702.jpg\" alt=\"O secret\u00e1rio solicitou \u00e0 superintendente e seus gestores algumas demandas para um novo encontro que j\u00e1 est\u00e1 previsto para a pr\u00f3xima ter\u00e7a-feira, 31\" width=\"599\" height=\"337\" \/><p id=\"caption-attachment-99969\" class=\"wp-caption-text\">O secret\u00e1rio solicitou \u00e0 superintendente e seus gestores algumas demandas para um novo encontro que j\u00e1 est\u00e1 previsto para a pr\u00f3xima ter\u00e7a-feira, 31. (Ascom\/SES)<\/p><\/div>\n<\/div>\n<div style=\"text-align: justify;\">\n\u201cEsse \u00e9 o nosso primeiro contato de muitos que vir\u00e3o. Quero me informar sobre tudo que acontece aqui no Huse e os processos de trabalho. Vamos dar in\u00edcio a um trabalho que atenda as necessidades dos usu\u00e1rios do SUS, que buscam uma sa\u00fade de qualidade. O Huse \u00e9 uma das prioridades na minha gest\u00e3o e queremos mais resolutividade dos casos\u201d, informou Almeida Lima.<\/p>\n<\/div>\n<div style=\"text-align: justify;\">Na ocasi\u00e3o, o secret\u00e1rio foi recepcionado pela superintendente do Huse, Lycia Diniz, que estava na companhia de alguns dos principais gestores do hospital. Durante o encontro, o Almeida Lima ouviu a superintendente e os gestores a respeito da rotina, demandas, as necessidades e o fluxo do hospital.<\/div>\n<div style=\"text-align: justify;\">\n\u201cO fato dele estar aqui dentro do Huse no seu primeiro dia de gest\u00e3o, s\u00f3 reflete a sua preocupa\u00e7\u00e3o e o seu compromisso com a sa\u00fade do nosso Estado. Ele \u00e9 agregador e veio discutir as prioridades do Huse. Foi um di\u00e1logo bom, muito produtivo e que vai trazer grandes benef\u00edcios\u201d, comentou.<\/div>\n<div style=\"text-align: justify;\">O secret\u00e1rio solicitou \u00e0 superintendente e seus gestores algumas demandas para um novo encontro que j\u00e1 est\u00e1 previsto para a pr\u00f3xima ter\u00e7a-feira, 31.<\/div>\n<div style=\"text-align: justify;\"><img loading=\"lazy\" decoding=\"async\" class=\"aligncenter size-full wp-image-99844\" src=\"http:\/\/senoticias.com.br\/se\/wp-content\/uploads\/2017\/01\/Logo-fone-1-2-1-2-4.jpg\" alt=\"Logo-fone-1-2-1-2\" width=\"599\" height=\"78\" srcset=\"https:\/\/senoticias.com.br\/se\/wp-content\/uploads\/2017\/01\/Logo-fone-1-2-1-2-4.jpg 599w, https:\/\/senoticias.com.br\/se\/wp-content\/uploads\/2017\/01\/Logo-fone-1-2-1-2-4-300x39.jpg 300w\" sizes=\"(max-width: 599px) 100vw, 599px\" \/><\/div>\n<div style=\"text-align: justify;\"><\/div>\n<div style=\"text-align: justify;\"><strong>Acompanhe tamb\u00e9m o SE Not\u00edcias no<\/strong><span class=\"apple-converted-space\"><b>\u00a0<\/b><\/span><strong><a href=\"https:\/\/twitter.com\/Senoticias\" target=\"_blank\">Twitter<\/a>,<\/strong><span class=\"apple-converted-space\"><b>\u00a0<\/b><\/span><strong><a href=\"https:\/\/www.facebook.com\/senoticias1\" target=\"_blank\">Facebook<span class=\"apple-converted-space\">\u00a0<\/span><\/a>e no<\/strong><span class=\"apple-converted-space\"><b>\u00a0<\/b><\/span><strong><a href=\"https:\/\/www.instagram.com\/senoticias\/\" target=\"_blank\">Instagram<\/a><\/strong><\/div>\n<div style=\"text-align: justify;\"><\/div>\n<div style=\"text-align: justify;\"><em>Ag\u00eancia Sergipe de Not\u00edcias<\/em><\/div>\n","protected":false},"excerpt":{"rendered":"<p>Dando in\u00edcio ao calend\u00e1rio de visitas \u00e0s unidades gerenciadas pela Secretaria de Estado da Sa\u00fade (SES) e Funda\u00e7\u00e3o Hospitalar da Sa\u00fade (FHS), o secret\u00e1rio de Estado da Sa\u00fade, Almeida Lima, em seu primeiro dia como gestor da Pasta, realizou no final da manh\u00e3 desta sexta-feira, 27, uma visita \u00e0 superintend\u00eancia do Hospital de Urg\u00eancias de [&hellip;]<\/p>\n","protected":false},"author":2,"featured_media":99969,"comment_status":"closed","ping_status":"closed","sticky":false,"template":"","format":"standard","meta":{"footnotes":""},"categories":[15],"tags":[],"class_list":{"0":"post-99968","1":"post","2":"type-post","3":"status-publish","4":"format-standard","5":"has-post-thumbnail","7":"category-destaques"},"_links":{"self":[{"href":"https:\/\/senoticias.com.br\/se\/wp-json\/wp\/v2\/posts\/99968"}],"collection":[{"href":"https:\/\/senoticias.com.br\/se\/wp-json\/wp\/v2\/posts"}],"about":[{"href":"https:\/\/senoticias.com.br\/se\/wp-json\/wp\/v2\/types\/post"}],"author":[{"embeddable":true,"href":"https:\/\/senoticias.com.br\/se\/wp-json\/wp\/v2\/users\/2"}],"replies":[{"embeddable":true,"href":"https:\/\/senoticias.com.br\/se\/wp-json\/wp\/v2\/comments?post=99968"}],"version-history":[{"count":0,"href":"https:\/\/senoticias.com.br\/se\/wp-json\/wp\/v2\/posts\/99968\/revisions"}],"wp:featuredmedia":[{"embeddable":true,"href":"https:\/\/senoticias.com.br\/se\/wp-json\/wp\/v2\/media\/99969"}],"wp:attachment":[{"href":"https:\/\/senoticias.com.br\/se\/wp-json\/wp\/v2\/media?parent=99968"}],"wp:term":[{"taxonomy":"category","embeddable":true,"href":"https:\/\/senoticias.com.br\/se\/wp-json\/wp\/v2\/categories?post=99968"},{"taxonomy":"post_tag","embeddable":true,"href":"https:\/\/senoticias.com.br\/se\/wp-json\/wp\/v2\/tags?post=99968"}],"curies":[{"name":"wp","href":"https:\/\/api.w.org\/{rel}","templated":true}]}}