{"id":99965,"date":"2017-01-27T19:14:32","date_gmt":"2017-01-27T22:14:32","guid":{"rendered":"http:\/\/senoticias.com.br\/se\/?p=99965"},"modified":"2017-01-27T19:17:28","modified_gmt":"2017-01-27T22:17:28","slug":"andre-moura-e-gilmar-carvalho-recebem-agentes-penitenciarios-de-sergipe","status":"publish","type":"post","link":"https:\/\/senoticias.com.br\/se\/andre-moura-e-gilmar-carvalho-recebem-agentes-penitenciarios-de-sergipe\/","title":{"rendered":"Andr\u00e9 Moura e Gilmar Carvalho recebem agentes penitenci\u00e1rios de Sergipe"},"content":{"rendered":"<div>\n<div style=\"text-align: justify;\">Na manh\u00e3 desta sexta-feira (27) o l\u00edder do governo na C\u00e2mara dos Deputados, Andr\u00e9 Moura (PSC\/SE) e o deputado estadual Gilmar Carvalho (sem partido) receberam a diretoria do Sindicato dos Agentes Penitenci\u00e1rios de Sergipe &#8211; SINDPEN\/SE. A categoria solicitou apoio dos parlamentares na aprova\u00e7\u00e3o da PEC 308\/04.<\/p>\n<div id=\"attachment_99966\" style=\"width: 609px\" class=\"wp-caption aligncenter\"><img loading=\"lazy\" decoding=\"async\" aria-describedby=\"caption-attachment-99966\" class=\"size-full wp-image-99966\" src=\"http:\/\/senoticias.com.br\/se\/wp-content\/uploads\/2017\/01\/Gilmar-Carvalho-SE-Noticias-e1485555325280.jpg\" alt=\"Gilmar recebem agentes penitenci\u00e1rios de Sergipe\" width=\"599\" height=\"337\" \/><p id=\"caption-attachment-99966\" class=\"wp-caption-text\">Gilmar Carvalho e Andr\u00e9 Moura recebem agentes penitenci\u00e1rios de Sergipe. (Foto: Ascom)<\/p><\/div>\n<\/div>\n<div style=\"text-align: justify;\"><\/div>\n<div style=\"text-align: justify;\">A propositura, de autoria do deputado federal Newton Lima (PTB\/SP), altera os artigos 21, 32 e 144 da CF\/88, criando as pol\u00edcias penitenci\u00e1rias federal e estadual. O texto est\u00e1 no aguardo da pauta para aprecia\u00e7\u00e3o e vota\u00e7\u00e3o no plen\u00e1rio da C\u00e2mara dos Deputados.<\/div>\n<div style=\"text-align: justify;\"><\/div>\n<div style=\"text-align: justify;\">A iniciativa do encontro partiu do deputado Gilmar, que intercedeu junto ao l\u00edder Andr\u00e9 para que ouvisse a solicita\u00e7\u00e3o dos representantes dos trabalhadores do sistema prisional de Sergipe. Participaram do encontro o presidente Luciano Nery, vice Wesley Alves, primeiro-secret\u00e1rio Cl\u00e1udio Ferreira, diretora financeira Flaviany Proc\u00f3pio, diretor judici\u00e1rio Renato C\u00e2mera, diretor de esportes, cultura e lazer Isa\u00edas Lima, diretor de rela\u00e7\u00f5es inter-sindicais S\u00e9rgio Santana, advogado Ar\u00edcio Andrade e os guardas prisionais Getulio Alves, H\u00e9lilo Alves e Jos\u00e9 Dias.<\/div>\n<div><\/div>\n<div style=\"text-align: justify;\">De acordo com Gilmar Carvalho, o apoio de Andr\u00e9 poder\u00e1 tirar o projeto da gaveta. &#8220;A for\u00e7a da lideran\u00e7a de Andr\u00e9, trabalhando para que haja movimenta\u00e7\u00e3o do texto na C\u00e2mara, fortalece o movimento&#8221;.<\/div>\n<div style=\"text-align: justify;\"><\/div>\n<div style=\"text-align: justify;\">O presidente do SINDPEN, Luciano, elogiou o trabalho dos parlamentares e pediu o apadrinhamento do l\u00edder, em Bras\u00edlia. &#8220;A ajuda dos deputados Andr\u00e9 em Bras\u00edlia e Gilmar na Assembleia Legislativa em Sergipe dar\u00e3o voz a categoria&#8221;.<\/div>\n<div style=\"text-align: justify;\"><\/div>\n<div style=\"text-align: justify;\">O l\u00edder Andr\u00e9 agradeceu ao representantes do sindicato e disse que a partir da pr\u00f3xima semana, quando inicia os trabalhos legislativos de 2017, ir\u00e1 conversar com setores do Governo Federal para que a mat\u00e9ria possa avan\u00e7ar.<\/div>\n<div><\/div>\n<div>\u00a0<img loading=\"lazy\" decoding=\"async\" class=\"aligncenter size-full wp-image-99844\" src=\"http:\/\/senoticias.com.br\/se\/wp-content\/uploads\/2017\/01\/Logo-fone-1-2-1-2-4.jpg\" alt=\"Logo-fone-1-2-1-2\" width=\"599\" height=\"78\" srcset=\"https:\/\/senoticias.com.br\/se\/wp-content\/uploads\/2017\/01\/Logo-fone-1-2-1-2-4.jpg 599w, https:\/\/senoticias.com.br\/se\/wp-content\/uploads\/2017\/01\/Logo-fone-1-2-1-2-4-300x39.jpg 300w\" sizes=\"(max-width: 599px) 100vw, 599px\" \/><\/div>\n<div><\/div>\n<div><strong>Acompanhe tamb\u00e9m o SE Not\u00edcias no<\/strong><span class=\"apple-converted-space\"><b>\u00a0<\/b><\/span><strong><a href=\"https:\/\/twitter.com\/Senoticias\" target=\"_blank\">Twitter<\/a>,<\/strong><span class=\"apple-converted-space\"><b>\u00a0<\/b><\/span><strong><a href=\"https:\/\/www.facebook.com\/senoticias1\" target=\"_blank\">Facebook<span class=\"apple-converted-space\">\u00a0<\/span><\/a>e no<\/strong><span class=\"apple-converted-space\"><b>\u00a0<\/b><\/span><strong><a href=\"https:\/\/www.instagram.com\/senoticias\/\" target=\"_blank\">Instagram<\/a><\/strong><\/div>\n<p><em>Da Assessoria de Imprensa<\/em><\/p>\n<\/div>\n<div><\/div>\n","protected":false},"excerpt":{"rendered":"<p>Na manh\u00e3 desta sexta-feira (27) o l\u00edder do governo na C\u00e2mara dos Deputados, Andr\u00e9 Moura (PSC\/SE) e o deputado estadual Gilmar Carvalho (sem partido) receberam a diretoria do Sindicato dos Agentes Penitenci\u00e1rios de Sergipe &#8211; SINDPEN\/SE. A categoria solicitou apoio dos parlamentares na aprova\u00e7\u00e3o da PEC 308\/04. A propositura, de autoria do deputado federal Newton [&hellip;]<\/p>\n","protected":false},"author":2,"featured_media":99966,"comment_status":"closed","ping_status":"closed","sticky":false,"template":"","format":"standard","meta":{"footnotes":""},"categories":[15,6,1],"tags":[],"class_list":{"0":"post-99965","1":"post","2":"type-post","3":"status-publish","4":"format-standard","5":"has-post-thumbnail","7":"category-destaques","8":"category-politica","9":"category-sem-categoria"},"_links":{"self":[{"href":"https:\/\/senoticias.com.br\/se\/wp-json\/wp\/v2\/posts\/99965"}],"collection":[{"href":"https:\/\/senoticias.com.br\/se\/wp-json\/wp\/v2\/posts"}],"about":[{"href":"https:\/\/senoticias.com.br\/se\/wp-json\/wp\/v2\/types\/post"}],"author":[{"embeddable":true,"href":"https:\/\/senoticias.com.br\/se\/wp-json\/wp\/v2\/users\/2"}],"replies":[{"embeddable":true,"href":"https:\/\/senoticias.com.br\/se\/wp-json\/wp\/v2\/comments?post=99965"}],"version-history":[{"count":0,"href":"https:\/\/senoticias.com.br\/se\/wp-json\/wp\/v2\/posts\/99965\/revisions"}],"wp:featuredmedia":[{"embeddable":true,"href":"https:\/\/senoticias.com.br\/se\/wp-json\/wp\/v2\/media\/99966"}],"wp:attachment":[{"href":"https:\/\/senoticias.com.br\/se\/wp-json\/wp\/v2\/media?parent=99965"}],"wp:term":[{"taxonomy":"category","embeddable":true,"href":"https:\/\/senoticias.com.br\/se\/wp-json\/wp\/v2\/categories?post=99965"},{"taxonomy":"post_tag","embeddable":true,"href":"https:\/\/senoticias.com.br\/se\/wp-json\/wp\/v2\/tags?post=99965"}],"curies":[{"name":"wp","href":"https:\/\/api.w.org\/{rel}","templated":true}]}}