{"id":99788,"date":"2017-01-23T14:05:01","date_gmt":"2017-01-23T17:05:01","guid":{"rendered":"http:\/\/senoticias.com.br\/se\/?p=99788"},"modified":"2017-01-23T14:05:01","modified_gmt":"2017-01-23T17:05:01","slug":"equipe-prf-ajuda-mulher-em-trabalho-de-parto-na-br-101","status":"publish","type":"post","link":"https:\/\/senoticias.com.br\/se\/equipe-prf-ajuda-mulher-em-trabalho-de-parto-na-br-101\/","title":{"rendered":"Equipe PRF ajuda mulher em trabalho de parto na BR 101"},"content":{"rendered":"<p style=\"text-align: justify;\" align=\"justify\"><span style=\"color: #000080;\"><span lang=\"zxx\"><span style=\"color: #000000;\"><span style=\"font-family: Arial, sans-serif;\"><span lang=\"pt-BR\">Uma mulher <\/span><\/span><\/span><\/span><\/span><span style=\"color: #000080;\"><span lang=\"zxx\"><span style=\"color: #000000;\"><span style=\"font-family: Arial, sans-serif;\"><span lang=\"pt-BR\">seguia <\/span><\/span><\/span><\/span><\/span><span style=\"color: #000080;\"><span lang=\"zxx\"><span style=\"color: #000000;\"><span style=\"font-family: Arial, sans-serif;\"><span lang=\"pt-BR\">no in\u00edcio da manh\u00e3 de hoje, 23, <\/span><\/span><\/span><\/span><\/span><span style=\"color: #000080;\"><span lang=\"zxx\"><span style=\"color: #000000;\"><span style=\"font-family: Arial, sans-serif;\"><span lang=\"pt-BR\">em um \u00f4nibus do transporte intermunic<\/span><\/span><\/span><\/span><\/span><span style=\"color: #000080;\"><span lang=\"zxx\"><span style=\"color: #000000;\"><span style=\"font-family: Arial, sans-serif;\"><span lang=\"pt-BR\">i<\/span><\/span><\/span><\/span><\/span><span style=\"color: #000080;\"><span lang=\"zxx\"><span style=\"color: #000000;\"><span style=\"font-family: Arial, sans-serif;\"><span lang=\"pt-BR\">pal de passageiros (linha Propri\u00e1\/Aracaju), quando <\/span><\/span><\/span><\/span><\/span><span style=\"color: #000080;\"><span lang=\"zxx\"><span style=\"color: #000000;\"><span style=\"font-family: Arial, sans-serif;\"><span lang=\"pt-BR\">entrou em trabalho de parto. O motorista acionou atrav\u00e9s do 191 (telefone de emerg\u00eancia da PRF) a equipe da Unidade Operacional de Malhada dos Bois, que o instruiu a seguir at\u00e9 o posto policial.<\/span><\/span><\/span><\/span><\/span><\/p>\n<div id=\"attachment_99789\" style=\"width: 355px\" class=\"wp-caption aligncenter\"><img loading=\"lazy\" decoding=\"async\" aria-describedby=\"caption-attachment-99789\" class=\"size-full wp-image-99789\" src=\"http:\/\/senoticias.com.br\/se\/wp-content\/uploads\/2017\/01\/PRF-PARTO-SE-NOTICIAS.jpg\" alt=\"Beb\u00ea nasceu na Unidade Operacional da PRF em Malhada dos Bois\/SE.\" width=\"345\" height=\"613\" srcset=\"https:\/\/senoticias.com.br\/se\/wp-content\/uploads\/2017\/01\/PRF-PARTO-SE-NOTICIAS.jpg 345w, https:\/\/senoticias.com.br\/se\/wp-content\/uploads\/2017\/01\/PRF-PARTO-SE-NOTICIAS-169x300.jpg 169w\" sizes=\"(max-width: 345px) 100vw, 345px\" \/><p id=\"caption-attachment-99789\" class=\"wp-caption-text\">Beb\u00ea nasceu na Unidade Operacional da PRF em Malhada dos Bois\/SE. (Foto: PRF\/SE)<\/p><\/div>\n<p style=\"text-align: justify;\" align=\"justify\">\n<p style=\"text-align: justify;\" align=\"justify\"><span style=\"color: #000080;\"><span lang=\"zxx\"><span style=\"color: #000000;\"><span style=\"font-family: Arial, sans-serif;\"><span lang=\"pt-BR\">No posto PRF, os agentes federais com o apoio do Samu realizaram o procedimento de parto da jovem Edelene dos Santos Silva, de 23 anos, natural de Traipu\/Alagoas.<\/span><\/span><\/span><\/span><\/span><\/p>\n<p style=\"text-align: justify;\" align=\"justify\">O beb\u00ea, uma menina, nasceu saud\u00e1vel e junto com a m\u00e3e foi encaminhada ao Centro Obst\u00e9trico Dra. Leonor Barreto Franco, em Capela\/SE<\/p>\n<p style=\"text-align: justify;\" align=\"justify\"><img loading=\"lazy\" decoding=\"async\" class=\"aligncenter size-full wp-image-99714\" src=\"http:\/\/senoticias.com.br\/se\/wp-content\/uploads\/2017\/01\/Logo-fone-1-2-1-2-3.jpg\" alt=\"Logo-fone-1-2-1-2\" width=\"599\" height=\"78\" srcset=\"https:\/\/senoticias.com.br\/se\/wp-content\/uploads\/2017\/01\/Logo-fone-1-2-1-2-3.jpg 599w, https:\/\/senoticias.com.br\/se\/wp-content\/uploads\/2017\/01\/Logo-fone-1-2-1-2-3-300x39.jpg 300w\" sizes=\"(max-width: 599px) 100vw, 599px\" \/><\/p>\n<p style=\"text-align: justify;\" align=\"justify\"><em><strong>Acompanhe tamb\u00e9m o SE Not\u00edcias no<\/strong><span class=\"apple-converted-space\"><b>\u00a0<\/b><\/span><strong><a href=\"https:\/\/twitter.com\/Senoticias\" target=\"_blank\">Twitter<\/a>,<\/strong><span class=\"apple-converted-space\"><b>\u00a0<\/b><\/span><strong><a href=\"https:\/\/www.facebook.com\/senoticias1\" target=\"_blank\">Facebook<span class=\"apple-converted-space\">\u00a0<\/span><\/a>e no<\/strong><span class=\"apple-converted-space\"><b>\u00a0<\/b><\/span><strong><a href=\"https:\/\/www.instagram.com\/senoticias\/\" target=\"_blank\">Instagram<\/a><\/strong><\/em><\/p>\n<p style=\"text-align: justify;\" align=\"justify\"><em>Ascom\/PRF\/Sergipe.<\/em><\/p>\n","protected":false},"excerpt":{"rendered":"<p>Uma mulher seguia no in\u00edcio da manh\u00e3 de hoje, 23, em um \u00f4nibus do transporte intermunicipal de passageiros (linha Propri\u00e1\/Aracaju), quando entrou em trabalho de parto. O motorista acionou atrav\u00e9s do 191 (telefone de emerg\u00eancia da PRF) a equipe da Unidade Operacional de Malhada dos Bois, que o instruiu a seguir at\u00e9 o posto policial. [&hellip;]<\/p>\n","protected":false},"author":2,"featured_media":99789,"comment_status":"closed","ping_status":"closed","sticky":false,"template":"","format":"standard","meta":{"footnotes":""},"categories":[15,7],"tags":[],"class_list":{"0":"post-99788","1":"post","2":"type-post","3":"status-publish","4":"format-standard","5":"has-post-thumbnail","7":"category-destaques","8":"category-policia"},"_links":{"self":[{"href":"https:\/\/senoticias.com.br\/se\/wp-json\/wp\/v2\/posts\/99788"}],"collection":[{"href":"https:\/\/senoticias.com.br\/se\/wp-json\/wp\/v2\/posts"}],"about":[{"href":"https:\/\/senoticias.com.br\/se\/wp-json\/wp\/v2\/types\/post"}],"author":[{"embeddable":true,"href":"https:\/\/senoticias.com.br\/se\/wp-json\/wp\/v2\/users\/2"}],"replies":[{"embeddable":true,"href":"https:\/\/senoticias.com.br\/se\/wp-json\/wp\/v2\/comments?post=99788"}],"version-history":[{"count":0,"href":"https:\/\/senoticias.com.br\/se\/wp-json\/wp\/v2\/posts\/99788\/revisions"}],"wp:featuredmedia":[{"embeddable":true,"href":"https:\/\/senoticias.com.br\/se\/wp-json\/wp\/v2\/media\/99789"}],"wp:attachment":[{"href":"https:\/\/senoticias.com.br\/se\/wp-json\/wp\/v2\/media?parent=99788"}],"wp:term":[{"taxonomy":"category","embeddable":true,"href":"https:\/\/senoticias.com.br\/se\/wp-json\/wp\/v2\/categories?post=99788"},{"taxonomy":"post_tag","embeddable":true,"href":"https:\/\/senoticias.com.br\/se\/wp-json\/wp\/v2\/tags?post=99788"}],"curies":[{"name":"wp","href":"https:\/\/api.w.org\/{rel}","templated":true}]}}