{"id":99784,"date":"2017-01-23T12:01:28","date_gmt":"2017-01-23T15:01:28","guid":{"rendered":"http:\/\/senoticias.com.br\/se\/?p=99784"},"modified":"2017-01-24T07:20:38","modified_gmt":"2017-01-24T10:20:38","slug":"prefeitura-de-sao-cristovao-esclarece-furto-de-28-motocicletas","status":"publish","type":"post","link":"https:\/\/senoticias.com.br\/se\/prefeitura-de-sao-cristovao-esclarece-furto-de-28-motocicletas\/","title":{"rendered":"Prefeitura de S\u00e3o Crist\u00f3v\u00e3o esclarece furto de 29 motocicletas"},"content":{"rendered":"<p>&nbsp;<\/p>\n<p style=\"text-align: justify;\">A Pol\u00edcia Civil, por meio da sexta Delegacia de Pol\u00edcia Civil, est\u00e1 apurando a atua\u00e7\u00e3o de uma suposta quadrilha que realizou furto de 29 motocicletas e de alguns equipamentos de inform\u00e1tica na sede da Digertran, no \u00faltimo final de semana no conjunto Eduardo Gomes.<\/p>\n<div id=\"attachment_99785\" style=\"width: 609px\" class=\"wp-caption aligncenter\"><img loading=\"lazy\" decoding=\"async\" aria-describedby=\"caption-attachment-99785\" class=\"size-full wp-image-99785\" src=\"http:\/\/senoticias.com.br\/se\/wp-content\/uploads\/2017\/01\/MOTOS-SMTT-SAO-CRISTOVAO-SENOTICIAS-e1485183335664.jpeg\" alt=\"At\u00e9 a tarde de sexta-feira, os ve\u00edculos permaneciam nas depend\u00eancias da Digertran aguaradando a decis\u00e3o judicial para serem leiloadas\" width=\"599\" height=\"337\" \/><p id=\"caption-attachment-99785\" class=\"wp-caption-text\">At\u00e9 a tarde de sexta-feira, os ve\u00edculos permaneciam nas depend\u00eancias da Digertran aguardando a decis\u00e3o judicial para serem leiloadas. (Foto: SE Not\u00edcias)<\/p><\/div>\n<p style=\"text-align: justify;\">At\u00e9 a tarde de sexta-feira, os ve\u00edculos permaneciam nas depend\u00eancias da Digertran aguardando a decis\u00e3o judicial para serem leiloadas.<\/p>\n<p style=\"text-align: justify;\">Em nota divulgada no final da manh\u00e3 desta segunda-feira (23), a prefeitura de S\u00e3o Crist\u00f3v\u00e3o informa que j\u00e1 foi prestado um Boletim de Ocorr\u00eancia , na sexta Delegacia de Pol\u00edcia Civil, do Conjunto Eduardo Gomes.<\/p>\n<p><strong>Confira abaixo nota da prefeitura:<\/strong><\/p>\n<p style=\"text-align: justify;\">&#8220;Sobre o furto de motocicletas e equipamentos de inform\u00e1tica, ocorrido no \u00faltimo final de semana, na sede da SMTT localizada no conjunto Eduardo Gomes, a Prefeitura de S\u00e3o Crist\u00f3v\u00e3o comunica que j\u00e1 tomou as provid\u00eancias legais no tocante ao problema. A Assessoria Jur\u00eddica do munic\u00edpio e o diretor de Transportes P\u00fablicos de S\u00e3o Crist\u00f3v\u00e3o, Nilton Jos\u00e9 dos Santos, j\u00e1 prestaram boletim de ocorr\u00eancia relatando o fato \u00e0 6\u00aa Delegacia de Pol\u00edcia de Pol\u00edcia do Eduardo Gomes. Nilton enfatiza que ir\u00e1 acompanhar de perto as investiga\u00e7\u00f5es da Pol\u00edcia Civil&#8221;.<\/p>\n<p style=\"text-align: justify;\">Mat\u00e9ria alterada \u00e0s 7h30, desta ter\u00e7a-feira,24, para acr\u00e9scimo de informa\u00e7\u00e3o.<\/p>\n<p style=\"text-align: justify;\"><img loading=\"lazy\" decoding=\"async\" class=\"aligncenter size-full wp-image-99714\" src=\"http:\/\/senoticias.com.br\/se\/wp-content\/uploads\/2017\/01\/Logo-fone-1-2-1-2-3.jpg\" alt=\"Logo-fone-1-2-1-2\" width=\"599\" height=\"78\" srcset=\"https:\/\/senoticias.com.br\/se\/wp-content\/uploads\/2017\/01\/Logo-fone-1-2-1-2-3.jpg 599w, https:\/\/senoticias.com.br\/se\/wp-content\/uploads\/2017\/01\/Logo-fone-1-2-1-2-3-300x39.jpg 300w\" sizes=\"(max-width: 599px) 100vw, 599px\" \/><\/p>\n<p style=\"text-align: justify;\"><em><strong>Acompanhe tamb\u00e9m o SE Not\u00edcias no <a href=\"https:\/\/twitter.com\/Senoticias\">Twitter<\/a>, <a href=\"https:\/\/www.facebook.com\/senoticias1\/?fref=ts\">Facebook <\/a>e no <a href=\"https:\/\/www.instagram.com\/senoticias\/\">Instagram<\/a><\/strong><\/em><\/p>\n<p style=\"text-align: justify;\"><em>Reda\u00e7\u00e3o SE Not\u00edcias, com informa\u00e7\u00f5es da Ascom\/S\u00e3o Crist\u00f3v\u00e3o<\/em><\/p>\n","protected":false},"excerpt":{"rendered":"<p>&nbsp; A Pol\u00edcia Civil, por meio da sexta Delegacia de Pol\u00edcia Civil, est\u00e1 apurando a atua\u00e7\u00e3o de uma suposta quadrilha que realizou furto de 29 motocicletas e de alguns equipamentos de inform\u00e1tica na sede da Digertran, no \u00faltimo final de semana no conjunto Eduardo Gomes. At\u00e9 a tarde de sexta-feira, os ve\u00edculos permaneciam nas depend\u00eancias [&hellip;]<\/p>\n","protected":false},"author":2,"featured_media":99785,"comment_status":"closed","ping_status":"closed","sticky":false,"template":"","format":"standard","meta":{"footnotes":""},"categories":[15,7],"tags":[],"class_list":{"0":"post-99784","1":"post","2":"type-post","3":"status-publish","4":"format-standard","5":"has-post-thumbnail","7":"category-destaques","8":"category-policia"},"_links":{"self":[{"href":"https:\/\/senoticias.com.br\/se\/wp-json\/wp\/v2\/posts\/99784"}],"collection":[{"href":"https:\/\/senoticias.com.br\/se\/wp-json\/wp\/v2\/posts"}],"about":[{"href":"https:\/\/senoticias.com.br\/se\/wp-json\/wp\/v2\/types\/post"}],"author":[{"embeddable":true,"href":"https:\/\/senoticias.com.br\/se\/wp-json\/wp\/v2\/users\/2"}],"replies":[{"embeddable":true,"href":"https:\/\/senoticias.com.br\/se\/wp-json\/wp\/v2\/comments?post=99784"}],"version-history":[{"count":0,"href":"https:\/\/senoticias.com.br\/se\/wp-json\/wp\/v2\/posts\/99784\/revisions"}],"wp:featuredmedia":[{"embeddable":true,"href":"https:\/\/senoticias.com.br\/se\/wp-json\/wp\/v2\/media\/99785"}],"wp:attachment":[{"href":"https:\/\/senoticias.com.br\/se\/wp-json\/wp\/v2\/media?parent=99784"}],"wp:term":[{"taxonomy":"category","embeddable":true,"href":"https:\/\/senoticias.com.br\/se\/wp-json\/wp\/v2\/categories?post=99784"},{"taxonomy":"post_tag","embeddable":true,"href":"https:\/\/senoticias.com.br\/se\/wp-json\/wp\/v2\/tags?post=99784"}],"curies":[{"name":"wp","href":"https:\/\/api.w.org\/{rel}","templated":true}]}}