{"id":99782,"date":"2017-01-23T09:56:56","date_gmt":"2017-01-23T12:56:56","guid":{"rendered":"http:\/\/senoticias.com.br\/se\/?p=99782"},"modified":"2017-01-23T09:56:56","modified_gmt":"2017-01-23T12:56:56","slug":"iml-registra-22-mortes-no-plantao-prolongado-do-fim-de-semana","status":"publish","type":"post","link":"https:\/\/senoticias.com.br\/se\/iml-registra-22-mortes-no-plantao-prolongado-do-fim-de-semana\/","title":{"rendered":"IML registra 22 mortes no plant\u00e3o prolongado do fim de semana"},"content":{"rendered":"<p style=\"text-align: justify\">O Instituto M\u00e9dico Legal (IML) registrou 22 corpos no plant\u00e3o encerrado na manh\u00e3 desta segunda-feira (23) e que teve in\u00edcio \u00e0s 16h de sexta-feira (20) em Sergipe. No relat\u00f3rio constam 11 mortes por arma de fogo em crimes em Lagarto, S\u00e3o Crist\u00f3v\u00e3o, Propri\u00e1, Aracaju, Ribeir\u00f3polis e Riach\u00e3o do Dantas.<\/p>\n<div id=\"attachment_21098\" style=\"width: 510px\" class=\"wp-caption aligncenter\"><a href=\"http:\/\/senoticias.com.br\/se\/wp-content\/uploads\/2011\/12\/IML.jpg\"><img loading=\"lazy\" decoding=\"async\" aria-describedby=\"caption-attachment-21098\" class=\"size-full wp-image-21098\" src=\"http:\/\/senoticias.com.br\/se\/wp-content\/uploads\/2011\/12\/IML.jpg\" alt=\"(Divulga\u00e7\u00e3o\/SSP\/SE)\" width=\"500\" height=\"375\" srcset=\"https:\/\/senoticias.com.br\/se\/wp-content\/uploads\/2011\/12\/IML.jpg 500w, https:\/\/senoticias.com.br\/se\/wp-content\/uploads\/2011\/12\/IML-300x225.jpg 300w, https:\/\/senoticias.com.br\/se\/wp-content\/uploads\/2011\/12\/IML-342x256.jpg 342w, https:\/\/senoticias.com.br\/se\/wp-content\/uploads\/2011\/12\/IML-60x45.jpg 60w, https:\/\/senoticias.com.br\/se\/wp-content\/uploads\/2011\/12\/IML-150x113.jpg 150w, https:\/\/senoticias.com.br\/se\/wp-content\/uploads\/2011\/12\/IML-269x201.jpg 269w\" sizes=\"(max-width: 500px) 100vw, 500px\" \/><\/a><p id=\"caption-attachment-21098\" class=\"wp-caption-text\">(Divulga\u00e7\u00e3o\/SSP\/SE)<\/p><\/div>\n<p style=\"text-align: justify\">\nAcidentes de tr\u00e2nsito vitimaram sete pessoas com idades entre 25 e 48 anos em Cristin\u00e1polis, Tobias Barreto, Areia Branca, Itabi, Lagarto e Capela. Um homem n\u00e3o resistiu a ferimentos provocados por golpes de arma branca em Nossa Senhora do Socorro.<\/p>\n<p style=\"text-align: justify\">O IML tem ainda dois corpos de causas desconhecidas em Canind\u00e9 de S\u00e3o Francisco e Salgado. Exames complementares foram feitos para identificar o que aconteceu. Uma mulher de 56 anos morreu de queda da pr\u00f3pria altura em Est\u00e2ncia.<\/p>\n<p style=\"line-height: 14.25pt;text-align: justify\"><strong><span style=\"font-size: 10.0pt;font-family: 'Georgia','serif';color: #333333\">Acompanhe tamb\u00e9m o SE Not\u00edcias no<\/span><\/strong><span class=\"apple-converted-space\"><b><span style=\"font-size: 10.0pt;font-family: 'Georgia','serif';color: #333333\">\u00a0<\/span><\/b><\/span><strong><span style=\"font-size: 10.0pt;font-family: 'Georgia','serif';color: #333333\"><a href=\"https:\/\/twitter.com\/Senoticias\" target=\"_blank\">Twitter<\/a>,<\/span><\/strong><span class=\"apple-converted-space\"><b><span style=\"font-size: 10.0pt;font-family: 'Georgia','serif';color: #333333\">\u00a0<\/span><\/b><\/span><strong><span style=\"font-size: 10.0pt;font-family: 'Georgia','serif';color: #333333\"><a href=\"https:\/\/www.facebook.com\/senoticias1\" target=\"_blank\">Facebook<span class=\"apple-converted-space\"><span style=\"color: windowtext;text-decoration: none\">\u00a0<\/span><\/span><\/a>e no<\/span><\/strong><span class=\"apple-converted-space\"><b><span style=\"font-size: 10.0pt;font-family: 'Georgia','serif';color: #333333\">\u00a0<\/span><\/b><\/span><strong><span style=\"font-size: 10.0pt;font-family: 'Georgia','serif';color: #333333\"><a href=\"https:\/\/www.instagram.com\/senoticias\/\" target=\"_blank\">Instagram<\/a>.<\/span><\/strong><\/p>\n<p style=\"text-align: justify\"><a href=\"http:\/\/senoticias.com.br\/se\/wp-content\/uploads\/2017\/01\/Logo-fone-1-2-1-2-3.jpg\"><img loading=\"lazy\" decoding=\"async\" class=\"aligncenter size-full wp-image-99714\" src=\"http:\/\/senoticias.com.br\/se\/wp-content\/uploads\/2017\/01\/Logo-fone-1-2-1-2-3.jpg\" alt=\"Logo-fone-1-2-1-2\" width=\"599\" height=\"78\" srcset=\"https:\/\/senoticias.com.br\/se\/wp-content\/uploads\/2017\/01\/Logo-fone-1-2-1-2-3.jpg 599w, https:\/\/senoticias.com.br\/se\/wp-content\/uploads\/2017\/01\/Logo-fone-1-2-1-2-3-300x39.jpg 300w\" sizes=\"(max-width: 599px) 100vw, 599px\" \/><\/a><br \/>\nDo G1 SE<\/p>\n","protected":false},"excerpt":{"rendered":"<p>O Instituto M\u00e9dico Legal (IML) registrou 22 corpos no plant\u00e3o encerrado na manh\u00e3 desta segunda-feira (23) e que teve in\u00edcio \u00e0s 16h de sexta-feira (20) em Sergipe. No relat\u00f3rio constam 11 mortes por arma de fogo em crimes em Lagarto, S\u00e3o Crist\u00f3v\u00e3o, Propri\u00e1, Aracaju, Ribeir\u00f3polis e Riach\u00e3o do Dantas. Acidentes de tr\u00e2nsito vitimaram sete pessoas [&hellip;]<\/p>\n","protected":false},"author":5618,"featured_media":21098,"comment_status":"closed","ping_status":"closed","sticky":false,"template":"","format":"standard","meta":{"footnotes":""},"categories":[7],"tags":[2056],"class_list":{"0":"post-99782","1":"post","2":"type-post","3":"status-publish","4":"format-standard","5":"has-post-thumbnail","7":"category-policia","8":"tag-iml-registra-22-mortes-no-plantao-prolongado-do-fim-de-semana"},"_links":{"self":[{"href":"https:\/\/senoticias.com.br\/se\/wp-json\/wp\/v2\/posts\/99782"}],"collection":[{"href":"https:\/\/senoticias.com.br\/se\/wp-json\/wp\/v2\/posts"}],"about":[{"href":"https:\/\/senoticias.com.br\/se\/wp-json\/wp\/v2\/types\/post"}],"author":[{"embeddable":true,"href":"https:\/\/senoticias.com.br\/se\/wp-json\/wp\/v2\/users\/5618"}],"replies":[{"embeddable":true,"href":"https:\/\/senoticias.com.br\/se\/wp-json\/wp\/v2\/comments?post=99782"}],"version-history":[{"count":0,"href":"https:\/\/senoticias.com.br\/se\/wp-json\/wp\/v2\/posts\/99782\/revisions"}],"wp:featuredmedia":[{"embeddable":true,"href":"https:\/\/senoticias.com.br\/se\/wp-json\/wp\/v2\/media\/21098"}],"wp:attachment":[{"href":"https:\/\/senoticias.com.br\/se\/wp-json\/wp\/v2\/media?parent=99782"}],"wp:term":[{"taxonomy":"category","embeddable":true,"href":"https:\/\/senoticias.com.br\/se\/wp-json\/wp\/v2\/categories?post=99782"},{"taxonomy":"post_tag","embeddable":true,"href":"https:\/\/senoticias.com.br\/se\/wp-json\/wp\/v2\/tags?post=99782"}],"curies":[{"name":"wp","href":"https:\/\/api.w.org\/{rel}","templated":true}]}}